{"id":9797,"date":"2016-12-31T21:33:02","date_gmt":"2016-12-31T20:33:02","guid":{"rendered":"http:\/\/archives-catalogues-automobiles.fr\/?p=9797"},"modified":"2016-12-31T21:33:02","modified_gmt":"2016-12-31T20:33:02","slug":"catalogues-marden","status":"publish","type":"post","link":"https:\/\/archives-catalogues-automobiles.fr\/index.php\/2016\/12\/31\/catalogues-marden\/","title":{"rendered":"CATALOGUES MARDEN"},"content":{"rendered":"<p><span style=\"font-family: 'Arial Black'; font-size: medium;\">Marden fut l&rsquo;un des pionniers des voiturettes modernes dans les ann\u00e9es 70, avec un parti-pris de qualit\u00e9 et un grand choix de moteurs diff\u00e9rents. Mais son mod\u00e8le n&rsquo;\u00e9volua pas assez par rapport \u00e0 la concurrence et sera vite d\u00e9pass\u00e9. La Channel et l&rsquo;Aliz\u00e9 joueront \u00e9galement les seconds r\u00f4les.<\/span><\/p>\n<table cellspacing=\"3\" cellpadding=\"3\" bgcolor=\"#C0C0C0\">\n<tbody>\n<tr>\n<td><span style=\"font-family: 'Arial Black'; font-size: medium;\"><img decoding=\"async\" loading=\"lazy\" src=\"https:\/\/archives-catalogues-automobiles.fr\/laurentbunnik\/QA-0MAR6000.jpg\" width=\"151\" height=\"70\" border=\"0\" \/><\/span><\/td>\n<td><img decoding=\"async\" loading=\"lazy\" src=\"https:\/\/archives-catalogues-automobiles.fr\/laurentbunnik\/QA-0MAR8006.jpg\" width=\"149\" height=\"105\" border=\"0\" \/><\/td>\n<td><img decoding=\"async\" loading=\"lazy\" src=\"https:\/\/archives-catalogues-automobiles.fr\/laurentbunnik\/QA-0MAR8000.jpg\" width=\"107\" height=\"181\" border=\"0\" \/><\/td>\n<td><img decoding=\"async\" loading=\"lazy\" src=\"https:\/\/archives-catalogues-automobiles.fr\/laurentbunnik\/QA-0MAR8001.jpg\" width=\"107\" height=\"180\" border=\"0\" \/><\/td>\n<\/tr>\n<tr>\n<td><span style=\"font-family: 'Arial Black'; font-size: medium;\">0MAR6000<\/span><\/td>\n<td><span style=\"font-family: 'Arial Black'; font-size: medium;\">0MAR8006<\/span><\/td>\n<td><span style=\"font-family: 'Arial Black'; font-size: medium;\">0MAR8000<\/span><\/td>\n<td><span style=\"font-family: 'Arial Black'; font-size: medium;\">0MAR8001<\/span><\/td>\n<\/tr>\n<tr>\n<td><img decoding=\"async\" loading=\"lazy\" src=\"https:\/\/archives-catalogues-automobiles.fr\/laurentbunnik\/QA-0MAR8002.jpg\" width=\"150\" height=\"207\" border=\"0\" \/><\/td>\n<td><img decoding=\"async\" loading=\"lazy\" src=\"https:\/\/archives-catalogues-automobiles.fr\/laurentbunnik\/QA-0MAR8003.jpg\" width=\"206\" height=\"150\" border=\"0\" \/><\/td>\n<td><img decoding=\"async\" loading=\"lazy\" src=\"https:\/\/archives-catalogues-automobiles.fr\/laurentbunnik\/QA-0MAR8004.jpg\" width=\"150\" height=\"207\" border=\"0\" \/><\/td>\n<td><img decoding=\"async\" loading=\"lazy\" src=\"https:\/\/archives-catalogues-automobiles.fr\/laurentbunnik\/QA-0MAR8005.jpg\" width=\"150\" height=\"209\" border=\"0\" \/><\/td>\n<\/tr>\n<tr>\n<td><span style=\"font-family: 'Arial Black';\">0MAR8002<\/span><\/td>\n<td><span style=\"font-family: 'Arial Black';\">0MAR8004<\/span><\/td>\n<td><span style=\"font-family: 'Arial Black';\">0MAR8004<\/span><\/td>\n<td><span style=\"font-family: 'Arial Black';\">0MAR8005<\/span><\/td>\n<\/tr>\n<\/tbody>\n<\/table>\n<p><span style=\"font-family: 'Arial Black'; font-size: small;\">0MAR6000-01, MARDEN ESPACE, 1975, F, 6 pages, format 1\/3 A4<\/span><\/p>\n<p><span style=\"font-family: 'Arial Black'; font-size: small;\">0MAR8006-01, MARDEN, 1980, F, 4 pages, format 1\/2 A4<\/span><\/p>\n<p><span style=\"font-family: 'Arial Black'; font-size: small;\">0MAR8000-01, MARDEN EXTRA DIESEL, 1986, F, 2 pages, format 2\/3 A4<\/span><\/p>\n<p><span style=\"font-family: 'Arial Black'; font-size: small;\">0MAR8001-01, MARDEN EXTRA DIESEL GRAND LUXE, 1986, F, 2 pages, format 2\/3 A4<\/span><\/p>\n<p><span style=\"font-family: 'Arial Black'; font-size: small;\">0MAR8002-01, MARDEN CHANNEL \/ MINI LUXE \/ MAXI LUXE, 1987, F, 2 pages, format A4<br \/>\n0MAR8002-02, MARDEN CHANNEL \/ MINI LUXE \/ MAXI LUXE, 1987, F, 6 pages, format A4<\/span><\/p>\n<p><span style=\"font-family: 'Arial Black'; font-size: small;\">0MAR8003-01, MARDEN CHANNEL, 1988, F, 2 pages, format A4<\/span><\/p>\n<p><span style=\"font-family: 'Arial Black'; font-size: small;\">0MAR8004-01, MARDEN ALIZE, 1989, F, 4 pages, format A4<\/span><\/p>\n<p><span style=\"font-family: 'Arial Black'; font-size: small;\">0MAR8005-01, MARDEN ALIZE, 1989, F, 2 pages, format A4<\/span><\/p>\n","protected":false},"excerpt":{"rendered":"<div class=\"mh-excerpt\"><p>Marden fut l&rsquo;un des pionniers des voiturettes modernes dans les ann\u00e9es 70, avec un parti-pris de qualit\u00e9 et un grand <a class=\"mh-excerpt-more\" href=\"https:\/\/archives-catalogues-automobiles.fr\/index.php\/2016\/12\/31\/catalogues-marden\/\" title=\"CATALOGUES MARDEN\">[&#8230;]<\/a><\/p>\n<\/div>","protected":false},"author":1,"featured_media":9798,"comment_status":"closed","ping_status":"closed","sticky":false,"template":"","format":"standard","meta":[],"categories":[164],"tags":[],"acf":[],"_links":{"self":[{"href":"https:\/\/archives-catalogues-automobiles.fr\/index.php\/wp-json\/wp\/v2\/posts\/9797"}],"collection":[{"href":"https:\/\/archives-catalogues-automobiles.fr\/index.php\/wp-json\/wp\/v2\/posts"}],"about":[{"href":"https:\/\/archives-catalogues-automobiles.fr\/index.php\/wp-json\/wp\/v2\/types\/post"}],"author":[{"embeddable":true,"href":"https:\/\/archives-catalogues-automobiles.fr\/index.php\/wp-json\/wp\/v2\/users\/1"}],"replies":[{"embeddable":true,"href":"https:\/\/archives-catalogues-automobiles.fr\/index.php\/wp-json\/wp\/v2\/comments?post=9797"}],"version-history":[{"count":0,"href":"https:\/\/archives-catalogues-automobiles.fr\/index.php\/wp-json\/wp\/v2\/posts\/9797\/revisions"}],"wp:featuredmedia":[{"embeddable":true,"href":"https:\/\/archives-catalogues-automobiles.fr\/index.php\/wp-json\/wp\/v2\/media\/9798"}],"wp:attachment":[{"href":"https:\/\/archives-catalogues-automobiles.fr\/index.php\/wp-json\/wp\/v2\/media?parent=9797"}],"wp:term":[{"taxonomy":"category","embeddable":true,"href":"https:\/\/archives-catalogues-automobiles.fr\/index.php\/wp-json\/wp\/v2\/categories?post=9797"},{"taxonomy":"post_tag","embeddable":true,"href":"https:\/\/archives-catalogues-automobiles.fr\/index.php\/wp-json\/wp\/v2\/tags?post=9797"}],"curies":[{"name":"wp","href":"https:\/\/api.w.org\/{rel}","templated":true}]}}