{"id":9331,"date":"2016-09-25T13:39:43","date_gmt":"2016-09-25T13:39:43","guid":{"rendered":"http:\/\/archives-catalogues-automobiles.fr\/?p=9329"},"modified":"2016-09-25T13:39:43","modified_gmt":"2016-09-25T13:39:43","slug":"Catalogues-facel-vega-facella-hk500-excellence","status":"publish","type":"post","link":"https:\/\/archives-catalogues-automobiles.fr\/index.php\/2016\/09\/25\/Catalogues-facel-vega-facella-hk500-excellence\/","title":{"rendered":"CATALOGUES FACEL VEGA FACELLA HK500 EXCELLENCE"},"content":{"rendered":"<p><font  >Anim\u00e9e par le talentueux styliste Daninos, cette marque a propos\u00e9 pendant dix ans des voitures d une \u00e9l\u00e9gance remarquable.<\/font><\/p>\n<p><font >Tout d abord anim\u00e9s par des V8 Chrysler, les premiers mod\u00e8les connurent un succ\u00e8s prometteur. C est en tentant d aborder le cr\u00e9neau des sportives de gamme moyenne avec la Facellia que la marque connut d importantes difficult\u00e9s dont elle ne se remit pas. Les derniers mod\u00e8les re\u00e7urent des moteurs Volvo et Austin moins nobles&#8230; N\u00e9anmoins, c est une marque qui entra tr\u00e8s vite dans l Histoire.<\/font><\/p>\n<p><font  size=\"5\">1. FACELLIA \/ FACEL III \/ FACEL 6<\/font><\/p>\n<table border=\"3\" cellpadding=\"3\" cellspacing=\"3\">\n<tr>\n<td><img decoding=\"async\" loading=\"lazy\" src=\"http:\/\/archives-catalogues-automobiles.fr\/wp-content\/uploads\/2016\/09\/AA-FVFA4000.jpg\" width=\"148\" height=\"177\"><\/td>\n<td><img decoding=\"async\" loading=\"lazy\" src=\"http:\/\/archives-catalogues-automobiles.fr\/wp-content\/uploads\/2016\/09\/AA-FVFA4004.jpg\" width=\"193\" height=\"149\"><\/td>\n<td><img decoding=\"async\" loading=\"lazy\" src=\"http:\/\/archives-catalogues-automobiles.fr\/wp-content\/uploads\/2016\/09\/AA-FVFA4005.jpg\" width=\"206\" height=\"147\"><\/td>\n<td><img decoding=\"async\" loading=\"lazy\" src=\"http:\/\/archives-catalogues-automobiles.fr\/wp-content\/uploads\/2016\/09\/AA-FVFA4006.jpg\" width=\"148\" height=\"192\"><\/td>\n<\/tr>\n<tr>\n<td><font >FVFA4000<\/font><\/td>\n<td><font >FVFA4004<\/font><\/td>\n<td><font  >FVFA4003<\/font><\/td>\n<td><font >FVFA4006<\/font><\/td>\n<\/tr>\n<tr>\n<td><img decoding=\"async\" loading=\"lazy\" src=\"http:\/\/archives-catalogues-automobiles.fr\/wp-content\/uploads\/2016\/09\/AA-FVFA4007.jpg\" width=\"193\" height=\"150\"><\/td>\n<td><img decoding=\"async\" loading=\"lazy\" src=\"http:\/\/archives-catalogues-automobiles.fr\/wp-content\/uploads\/2016\/09\/AA-FVFA4002.jpg\" width=\"191\" height=\"148\"><\/td>\n<td><img decoding=\"async\" loading=\"lazy\" src=\"http:\/\/archives-catalogues-automobiles.fr\/wp-content\/uploads\/2016\/09\/AA-FVFA4003.jpg\" width=\"148\" height=\"65\"><\/td>\n<td><img decoding=\"async\" loading=\"lazy\" src=\"http:\/\/archives-catalogues-automobiles.fr\/wp-content\/uploads\/2016\/09\/AA-FVFA4001.jpg\" width=\"151\" height=\"65\"><\/td>\n<\/tr>\n<tr>\n<td><font >FVFA4007<\/font><\/td>\n<td><font >FVFA4002<\/font><\/td>\n<td><font >FVFA4003<\/font><\/td>\n<td><font >FVFA4001<\/font><\/td>\n<\/tr>\n<tr>\n<td><img decoding=\"async\" loading=\"lazy\" src=\"http:\/\/archives-catalogues-automobiles.fr\/wp-content\/uploads\/2016\/09\/AA-FVFA4008.jpg\" width=\"193\" height=\"150\"><\/td>\n<td><img decoding=\"async\" loading=\"lazy\" src=\"http:\/\/archives-catalogues-automobiles.fr\/wp-content\/uploads\/2016\/09\/AA-FVFA4009.jpg\" width=\"192\" height=\"96\"><\/td>\n<td><img decoding=\"async\" loading=\"lazy\" src=\"http:\/\/archives-catalogues-automobiles.fr\/wp-content\/uploads\/2016\/09\/AA-FV034000.jpg\" width=\"207\" height=\"153\"><\/td>\n<td><img decoding=\"async\" loading=\"lazy\" src=\"http:\/\/archives-catalogues-automobiles.fr\/wp-content\/uploads\/2016\/09\/A-FV064000.jpg\" width=\"210\" height=\"148\"><\/td>\n<\/tr>\n<tr>\n<td><font >FVFA4008<\/font><\/td>\n<td><font >FVFA4009<\/font><\/td>\n<td><font >FV024000<\/font><\/td>\n<td><font >FV064000<\/font><\/td>\n<\/tr>\n<\/table>\n<p><font size=\"2\" >FVFA4000-01, FACEL-VEGA FACELLIA,1960, INT FRA\/ENG\/DEU, 4 pages, format A4<\/font><\/p>\n<p><font size=\"2\" >FVFA4004-01, FACEL-VEGA FACELLIA,1960, INT FRA\/ENG\/DEU, 4 pages, format A4<\/font><\/p>\n<p><font size=\"2\"  color=\"#008000\">FVFA4005-01, FACEL-VEGA FACELLIA,1960, INT FRA\/ENG\/DEU, 4 pages, format A4<\/font><\/p>\n<p><font size=\"2\" >FVFA4006-01, FACEL-VEGA FACELLIA,1960, USA, 2 pages, format A4<\/font><\/p>\n<p><font size=\"2\" >FVFA4007-01, FACEL-VEGA FACELLIA F2,1961, INT FRA\/ENG\/DEU, 4 pages, format A4<\/font><\/p>\n<p><font size=\"2\" >FVFA4002-01, FACEL-VEGA FACELLIA F2 \/ F2S,1961, F, 4 pages, format A4<\/font><\/p>\n<p><font size=\"2\"  color=\"#008000\">FVFA4003-01, FACEL-VEGA FACELLIA F2 \/ F2S,1961, F, 6 pages, format 1\/3 A4<\/font><\/p>\n<p><font size=\"2\" >FVFA4001-01, FACEL-VEGA FACELLIA F2,1962, F, 6 pages, format 1\/3 A4<\/font><\/p>\n<p><font size=\"2\" >FVFA4008-01, FACEL-VEGA FACELLIA F2 \/ F2S,1962, INT FRA\/ENG\/DEU, 4 pages, format A4<\/font><\/p>\n<p><font size=\"2\" >FVFA4009-01, FACEL-VEGA FACELLIA F2,1962, INT FRA\/ENG\/DEU, 8 pages, format 2\/3 A4<\/font><\/p>\n<p><font size=\"2\" >FV034000-01, FACEL-VEGA FACEL III,1963, INT FRA\/ENG\/DEU, 6 pages, format A4<\/font><\/p>\n<p><font size=\"2\" >FV064000-01, FACEL-VEGA FACEL 6,1963, INT FRA\/ENG\/DEU, 4 pages, format A4<\/font><\/p>\n<hr>\n<p><font  size=\"5\">2. VEGA \/ HK 500 \/ FACEL II \/ EXCELLENCE<\/font><\/p>\n<table border=\"3\" cellpadding=\"3\" cellspacing=\"3\">\n<tr>\n<td><img decoding=\"async\" loading=\"lazy\" src=\"http:\/\/archives-catalogues-automobiles.fr\/wp-content\/uploads\/2016\/09\/AA-FVVE4000.jpg\" width=\"178\" height=\"131\"><\/td>\n<td><img decoding=\"async\" loading=\"lazy\" src=\"http:\/\/archives-catalogues-automobiles.fr\/wp-content\/uploads\/2016\/09\/AA-FVVE4001.jpg\" width=\"177\" height=\"131\"><\/td>\n<td><img decoding=\"async\" loading=\"lazy\" src=\"http:\/\/archives-catalogues-automobiles.fr\/wp-content\/uploads\/2016\/09\/AA-FVVE4002.jpg\" width=\"191\" height=\"148\"><\/td>\n<td><img decoding=\"async\" loading=\"lazy\" src=\"http:\/\/archives-catalogues-automobiles.fr\/wp-content\/uploads\/2016\/09\/AA-FVVE4003.jpg\" width=\"190\" height=\"149\"><\/td>\n<\/tr>\n<tr>\n<td><font >FVVE4000<\/font><\/td>\n<td><font  >FVVE4001<\/font><\/td>\n<td><font >FVVE4002<\/font><\/td>\n<td><font >FVVE4003<\/font><\/td>\n<\/tr>\n<tr>\n<td><img decoding=\"async\" loading=\"lazy\" src=\"http:\/\/archives-catalogues-automobiles.fr\/wp-content\/uploads\/2016\/09\/AA-FVVE4004.jpg\" width=\"171\" height=\"129\"><\/td>\n<td><img decoding=\"async\" loading=\"lazy\" src=\"http:\/\/archives-catalogues-automobiles.fr\/wp-content\/uploads\/2016\/09\/AA-FVVE4005.jpg\" width=\"201\" height=\"153\"><\/td>\n<td><img decoding=\"async\" loading=\"lazy\" src=\"http:\/\/archives-catalogues-automobiles.fr\/wp-content\/uploads\/2016\/09\/AA-FVVE4006.jpg\" width=\"192\" height=\"120\"><\/td>\n<td><img decoding=\"async\" loading=\"lazy\" src=\"http:\/\/archives-catalogues-automobiles.fr\/wp-content\/uploads\/2016\/09\/AA-FVHK4000.jpg\" width=\"165\" height=\"117\"><\/td>\n<\/tr>\n<tr>\n<td><font >FVVE4004<\/font><\/td>\n<td><font >FVVE4005<\/font><\/td>\n<td><font >FVVE4006<\/font><\/td>\n<td><font >FVHK4000<\/font><\/td>\n<\/tr>\n<tr>\n<td><img decoding=\"async\" loading=\"lazy\" src=\"http:\/\/archives-catalogues-automobiles.fr\/wp-content\/uploads\/2016\/09\/AA-FVHK4001.jpg\" width=\"200\" height=\"153\"><\/td>\n<td><img decoding=\"async\" loading=\"lazy\" src=\"http:\/\/archives-catalogues-automobiles.fr\/wp-content\/uploads\/2016\/09\/AA-FVHK4002.jpg\" width=\"193\" height=\"150\"><\/td>\n<td><img decoding=\"async\" loading=\"lazy\" src=\"http:\/\/archives-catalogues-automobiles.fr\/wp-content\/uploads\/2016\/09\/AA-FVHK4003.jpg\" width=\"150\" height=\"193\"><\/td>\n<td><img decoding=\"async\" loading=\"lazy\" src=\"http:\/\/archives-catalogues-automobiles.fr\/wp-content\/uploads\/2016\/09\/AA-FVEX4000.jpg\" width=\"203\" height=\"138\"><\/td>\n<\/tr>\n<tr>\n<td><font >FVHK4001<\/font><\/td>\n<td><font >FVHK4002<\/font><\/td>\n<td><font >FVHK4003<\/font><\/td>\n<td><font >FVEX4000<\/font><\/td>\n<\/tr>\n<\/table>\n<p><font size=\"2\"  color=\"#008000\">FVVE4000-01, FACEL VEGA FV,1954, INT FRA\/ENG, 4 pages, format 3\/4 A4<\/font><\/p>\n<p><font size=\"2\" >FVVE4001-01, FACEL VEGA FV1,1955, INT FRA\/ENG, 4 pages, format 3\/4 A4<\/font><\/p>\n<p><font size=\"2\"  color=\"#008000\">FVVE4002-01, FACEL-VEGA FV2,1955, INT FRA\/ENG, 4 pages, format A4<\/font><\/p>\n<p><font size=\"2\" >FVVE4003-01, FACEL-VEGA FV2B,1956, INT FRA\/ENG, 4 pages, format A4<\/font><\/p>\n<p><font size=\"2\" >FVVE4004-01, FACEL-VEGA FV2B,1956, INT FRA\/ENG, 2 pages, format 3\/4 A4<\/font><\/p>\n<p><font size=\"2\" >FVVE4005-01, FACEL-VEGA FV2B,1956, USA, 4 pages, format A4<\/font><\/p>\n<p><font size=\"2\" ><font color=\"#008000\">FVVE4006-02, FACEL-VEGA FV3B,1957, INT FRA\/ENG, 4 pages, format 2\/3 A4<br \/>FVVE4006-03, FACEL-VEGA FV3B \/ EXCELLENCE,1957, INT FRA\/ENG, 4 pages, format 2\/3 A4<\/font><br \/>FVVE4006-01, FACEL-VEGA FV4,1957, INT FRA\/ENG, 4 pages, format 2\/3 A4<\/font><\/p>\n<p><font size=\"2\" ><font color=\"#008000\">FVVE4007-01, FACEL-VEGA FV3B \/ EXCELLENCE,1957, USA, 8 pages, format 2\/3 A4<\/font><br \/>FVVE4007-02, FACEL-VEGA FV4 \/ EXCELLENCE,1957, USA, 8 pages, format 2\/3 A4<\/font><\/p>\n<p><font size=\"2\" >FVHK4000-01, FACEL-VEGA HK 500 \/ EXCELLENCE,1959, INT FRA\/ENG, 4 pages, format 2\/3 A4<\/font><\/p>\n<p><font size=\"2\" >FVHK4001-01, FACEL-VEGA HK 500 \/ EXCELLENCE,1960, USA, 4 pages, format A4<\/font><\/p>\n<p><font size=\"2\" >FVHK4002-01, FACEL-VEGA HK 500 \/ EXCELLENCE,1960, USA, 12 pages, format A4<\/font><\/p>\n<p><font size=\"2\" >FVHK4003-01, FACEL-VEGA HK 500,1960, USA, 2 pages, format A4<\/font><\/p>\n<p><font size=\"2\" >FVEX4000-01, FACEL-VEGA EXCELLENCE,1958, INT FRA\/ENG, 4 pages, format 2\/3 A4<\/font><\/p>\n<table border=\"3\" cellpadding=\"3\" cellspacing=\"3\">\n<tr>\n<td><img decoding=\"async\" loading=\"lazy\" src=\"http:\/\/archives-catalogues-automobiles.fr\/wp-content\/uploads\/2016\/09\/AA-FVHK4003.jpg\" width=\"150\" height=\"193\"><\/td>\n<td><img decoding=\"async\" loading=\"lazy\" src=\"http:\/\/archives-catalogues-automobiles.fr\/wp-content\/uploads\/2016\/09\/AA-FV024000.jpg\" width=\"190\" height=\"149\"><\/td>\n<\/tr>\n<tr>\n<td><font >FVHK4003<\/font><\/td>\n<td><font >FV024000<\/font><\/td>\n<\/tr>\n<\/table>\n<p><font size=\"2\" >FVEX4001-01, FACEL-VEGA EXCELLENCE,1960, USA, 2 pages, format A4<\/font><\/p>\n<p><font size=\"2\" >FV024000-01, FACEL-VEGA FACEL II,1961, INT FRA\/ENG\/DEU, 4 pages, format A4<\/font><\/p>\n","protected":false},"excerpt":{"rendered":"<div class=\"mh-excerpt\"><p>Anim\u00e9e par le talentueux styliste Daninos, cette marque a propos\u00e9 pendant dix ans des voitures d une \u00e9l\u00e9gance remarquable. Tout <a class=\"mh-excerpt-more\" href=\"https:\/\/archives-catalogues-automobiles.fr\/index.php\/2016\/09\/25\/Catalogues-facel-vega-facella-hk500-excellence\/\" title=\"CATALOGUES FACEL VEGA FACELLA HK500 EXCELLENCE\">[&#8230;]<\/a><\/p>\n<\/div>","protected":false},"author":1,"featured_media":0,"comment_status":"closed","ping_status":"closed","sticky":false,"template":"","format":"standard","meta":[],"categories":[796],"tags":[],"acf":[],"_links":{"self":[{"href":"https:\/\/archives-catalogues-automobiles.fr\/index.php\/wp-json\/wp\/v2\/posts\/9331"}],"collection":[{"href":"https:\/\/archives-catalogues-automobiles.fr\/index.php\/wp-json\/wp\/v2\/posts"}],"about":[{"href":"https:\/\/archives-catalogues-automobiles.fr\/index.php\/wp-json\/wp\/v2\/types\/post"}],"author":[{"embeddable":true,"href":"https:\/\/archives-catalogues-automobiles.fr\/index.php\/wp-json\/wp\/v2\/users\/1"}],"replies":[{"embeddable":true,"href":"https:\/\/archives-catalogues-automobiles.fr\/index.php\/wp-json\/wp\/v2\/comments?post=9331"}],"version-history":[{"count":0,"href":"https:\/\/archives-catalogues-automobiles.fr\/index.php\/wp-json\/wp\/v2\/posts\/9331\/revisions"}],"wp:attachment":[{"href":"https:\/\/archives-catalogues-automobiles.fr\/index.php\/wp-json\/wp\/v2\/media?parent=9331"}],"wp:term":[{"taxonomy":"category","embeddable":true,"href":"https:\/\/archives-catalogues-automobiles.fr\/index.php\/wp-json\/wp\/v2\/categories?post=9331"},{"taxonomy":"post_tag","embeddable":true,"href":"https:\/\/archives-catalogues-automobiles.fr\/index.php\/wp-json\/wp\/v2\/tags?post=9331"}],"curies":[{"name":"wp","href":"https:\/\/api.w.org\/{rel}","templated":true}]}}