{"id":4291,"date":"2016-06-30T17:02:28","date_gmt":"2016-06-30T17:02:28","guid":{"rendered":"http:\/\/localhost\/laurent_bunnik\/?p=4058"},"modified":"2021-12-22T16:28:56","modified_gmt":"2021-12-22T15:28:56","slug":"5cle0001","status":"publish","type":"post","link":"https:\/\/archives-catalogues-automobiles.fr\/index.php\/2016\/06\/30\/5cle0001\/","title":{"rendered":"CATALOGUES CLENET"},"content":{"rendered":"<p><span style=\"font-family: Arial Black; font-size: medium;\">Fond\u00e9e par Alain Cl\u00e9net, un angevin expatri\u00e9, cette firme est \u00e0 l&rsquo;origine des r\u00e9pliques de prestige aux lignes effil\u00e9es et \u00e9l\u00e9gantes. M\u00eame si tout n&rsquo;est pas du meilleur go\u00fbt, Cl\u00e9net a r\u00e9ellement cr\u00e9\u00e9 un style.<\/span><\/p>\n<div align=\"center\">\n<table border=\"1\" cellspacing=\"0\" cellpadding=\"0\" bgcolor=\"#C0C0C0\">\n<tbody>\n<tr>\n<td width=\"100%\"><span style=\"font-family: Arial Black;\">La Boutique ARCHIVES CATALOGUES AUTOMOBILES<\/span><\/td>\n<\/tr>\n<tr>\n<td width=\"100%\"><a href=\"https:\/\/www.archives-catalogues-automobiles.fr\/shop\/fr\/197-clenet\"><span style=\"font-family: Arial Black; font-size: small;\">CATALOGUES \/ BROCHURES CLENET A VENDRE \/ FOR SALE<\/span><\/a><\/td>\n<\/tr>\n<\/tbody>\n<\/table>\n<p>&nbsp;<\/p>\n<\/div>\n<h2><span style=\"font-family: Arial Black;\">1. CLENET<\/span><\/h2>\n<table cellspacing=\"3\" cellpadding=\"3\" bgcolor=\"#C0C0C0\">\n<tbody>\n<tr>\n<td><img decoding=\"async\" loading=\"lazy\" src=\"https:\/\/archives-catalogues-automobiles.fr\/laurentbunnik\/R-5CLE4000.jpg\" width=\"158\" height=\"65\" \/><\/td>\n<td><img decoding=\"async\" loading=\"lazy\" src=\"https:\/\/archives-catalogues-automobiles.fr\/laurentbunnik\/R-5CLE4001.jpg\" width=\"66\" height=\"150\" \/><\/td>\n<\/tr>\n<tr>\n<td><span style=\"font-family: Arial Black; font-size: medium;\">5CLE4000<\/span><\/td>\n<td><span style=\"font-family: Arial Black; font-size: medium;\">5CLE4001<\/span><\/td>\n<\/tr>\n<\/tbody>\n<\/table>\n<p><span style=\"font-family: Arial Black; font-size: small;\">5CLE4000-01, CLENET SERIES I \/ SERIES II, 1980, USA, 10 pages, format 1\/3 A4<\/span><\/p>\n<p><span style=\"font-family: Arial Black; font-size: small;\">5CLE4001-01, CLENET SERIES III ASHA, 1980, USA, 16 pages, format 1\/3 A4<\/span><\/p>\n<p>&nbsp;<\/p>\n","protected":false},"excerpt":{"rendered":"<div class=\"mh-excerpt\"><p>Fond\u00e9e par Alain Cl\u00e9net, un angevin expatri\u00e9, cette firme est \u00e0 l&rsquo;origine des r\u00e9pliques de prestige aux lignes effil\u00e9es et <a class=\"mh-excerpt-more\" href=\"https:\/\/archives-catalogues-automobiles.fr\/index.php\/2016\/06\/30\/5cle0001\/\" title=\"CATALOGUES CLENET\">[&#8230;]<\/a><\/p>\n<\/div>","protected":false},"author":1,"featured_media":12869,"comment_status":"closed","ping_status":"closed","sticky":false,"template":"","format":"standard","meta":[],"categories":[208],"tags":[],"acf":[],"_links":{"self":[{"href":"https:\/\/archives-catalogues-automobiles.fr\/index.php\/wp-json\/wp\/v2\/posts\/4291"}],"collection":[{"href":"https:\/\/archives-catalogues-automobiles.fr\/index.php\/wp-json\/wp\/v2\/posts"}],"about":[{"href":"https:\/\/archives-catalogues-automobiles.fr\/index.php\/wp-json\/wp\/v2\/types\/post"}],"author":[{"embeddable":true,"href":"https:\/\/archives-catalogues-automobiles.fr\/index.php\/wp-json\/wp\/v2\/users\/1"}],"replies":[{"embeddable":true,"href":"https:\/\/archives-catalogues-automobiles.fr\/index.php\/wp-json\/wp\/v2\/comments?post=4291"}],"version-history":[{"count":0,"href":"https:\/\/archives-catalogues-automobiles.fr\/index.php\/wp-json\/wp\/v2\/posts\/4291\/revisions"}],"wp:featuredmedia":[{"embeddable":true,"href":"https:\/\/archives-catalogues-automobiles.fr\/index.php\/wp-json\/wp\/v2\/media\/12869"}],"wp:attachment":[{"href":"https:\/\/archives-catalogues-automobiles.fr\/index.php\/wp-json\/wp\/v2\/media?parent=4291"}],"wp:term":[{"taxonomy":"category","embeddable":true,"href":"https:\/\/archives-catalogues-automobiles.fr\/index.php\/wp-json\/wp\/v2\/categories?post=4291"},{"taxonomy":"post_tag","embeddable":true,"href":"https:\/\/archives-catalogues-automobiles.fr\/index.php\/wp-json\/wp\/v2\/tags?post=4291"}],"curies":[{"name":"wp","href":"https:\/\/api.w.org\/{rel}","templated":true}]}}