{"id":4154,"date":"2016-06-30T17:02:28","date_gmt":"2016-06-30T17:02:28","guid":{"rendered":"http:\/\/localhost\/laurent_bunnik\/?p=4058"},"modified":"2016-11-09T23:22:17","modified_gmt":"2016-11-09T22:22:17","slug":"catalogues-tilter","status":"publish","type":"post","link":"https:\/\/archives-catalogues-automobiles.fr\/index.php\/2016\/06\/30\/catalogues-tilter\/","title":{"rendered":"CATALOGUES TILTER"},"content":{"rendered":"<p>Pr\u00e9sent\u00e9 au Mondial de l&rsquo;auto de Gen\u00e8ve\u00a0 2011, le prototype Tilter, d\u00e9velopp\u00e9 par une soci\u00e9t\u00e9 fran\u00e7aise innovante, SynergEthik, se situe entre voiture et scooters trois roues. La filiation avec le monde du deux-roues passe au second plan puisqu&rsquo;il met l&rsquo;accent sur la protection, le confort du pilote, ainsi que les aspects pratiques.<\/p>\n<p>Comme la Lumeneo, la Tilter est une voiturette \u00e9troite, empruntant beaucoup \u00e0 la technique motocycliste.<\/p>\n<table border=\"3\" cellspacing=\"3\" cellpadding=\"3\">\n<tbody>\n<tr>\n<td><img decoding=\"async\" loading=\"lazy\" src=\"http:\/\/archives-catalogues-automobiles.fr\/wp-content\/uploads\/2016\/09\/QA-0TIL1000.jpg\" width=\"219\" height=\"155\" border=\"0\" \/><\/td>\n<td><img decoding=\"async\" loading=\"lazy\" src=\"http:\/\/archives-catalogues-automobiles.fr\/wp-content\/uploads\/2016\/09\/QA-0TIL1001.jpg\" width=\"127\" height=\"95\" border=\"0\" \/><\/td>\n<\/tr>\n<tr>\n<td>0TIL1000<\/td>\n<td>0TIL1001<\/td>\n<\/tr>\n<\/tbody>\n<\/table>\n<p><span style=\"font-size: small;\">0TIL1000-01, TILTER, 2011,F, 16 pages, format A4<br \/>\n0TIL1000-02, TILTER, 2011,I, 16 pages, format A4<\/span><\/p>\n<p><span style=\"font-size: small;\">0TIL1001-01, TILTER, 2011,INT FRA\/ENG\/DEU\/ITA\/TUR\/ESP, 8 pages, format 1\/2 A4<\/span><\/p>\n<p>&nbsp;<\/p>\n","protected":false},"excerpt":{"rendered":"<div class=\"mh-excerpt\"><p>Pr\u00e9sent\u00e9 au Mondial de l&rsquo;auto de Gen\u00e8ve\u00a0 2011, le prototype Tilter, d\u00e9velopp\u00e9 par une soci\u00e9t\u00e9 fran\u00e7aise innovante, SynergEthik, se situe <a class=\"mh-excerpt-more\" href=\"https:\/\/archives-catalogues-automobiles.fr\/index.php\/2016\/06\/30\/catalogues-tilter\/\" title=\"CATALOGUES TILTER\">[&#8230;]<\/a><\/p>\n<\/div>","protected":false},"author":1,"featured_media":0,"comment_status":"closed","ping_status":"closed","sticky":false,"template":"","format":"standard","meta":[],"categories":[820],"tags":[],"acf":[],"_links":{"self":[{"href":"https:\/\/archives-catalogues-automobiles.fr\/index.php\/wp-json\/wp\/v2\/posts\/4154"}],"collection":[{"href":"https:\/\/archives-catalogues-automobiles.fr\/index.php\/wp-json\/wp\/v2\/posts"}],"about":[{"href":"https:\/\/archives-catalogues-automobiles.fr\/index.php\/wp-json\/wp\/v2\/types\/post"}],"author":[{"embeddable":true,"href":"https:\/\/archives-catalogues-automobiles.fr\/index.php\/wp-json\/wp\/v2\/users\/1"}],"replies":[{"embeddable":true,"href":"https:\/\/archives-catalogues-automobiles.fr\/index.php\/wp-json\/wp\/v2\/comments?post=4154"}],"version-history":[{"count":0,"href":"https:\/\/archives-catalogues-automobiles.fr\/index.php\/wp-json\/wp\/v2\/posts\/4154\/revisions"}],"wp:attachment":[{"href":"https:\/\/archives-catalogues-automobiles.fr\/index.php\/wp-json\/wp\/v2\/media?parent=4154"}],"wp:term":[{"taxonomy":"category","embeddable":true,"href":"https:\/\/archives-catalogues-automobiles.fr\/index.php\/wp-json\/wp\/v2\/categories?post=4154"},{"taxonomy":"post_tag","embeddable":true,"href":"https:\/\/archives-catalogues-automobiles.fr\/index.php\/wp-json\/wp\/v2\/tags?post=4154"}],"curies":[{"name":"wp","href":"https:\/\/api.w.org\/{rel}","templated":true}]}}