{"id":4128,"date":"2016-06-30T17:02:28","date_gmt":"2016-06-30T17:02:28","guid":{"rendered":"http:\/\/localhost\/laurent_bunnik\/?p=4058"},"modified":"2024-10-19T10:37:30","modified_gmt":"2024-10-19T08:37:30","slug":"catalogues-minauto","status":"publish","type":"post","link":"https:\/\/archives-catalogues-automobiles.fr\/index.php\/2016\/06\/30\/catalogues-minauto\/","title":{"rendered":"CATALOGUES MINAUTO"},"content":{"rendered":"<p><span style=\"font-family: Arial Black; font-size: medium;\">Minauto \u00e9tait le nom d&rsquo;un mod\u00e8le produit par Bel Motors (devenu Bellier), et a \u00e9t\u00e9 exhum\u00e9 pour donner une seconde marque (plut\u00f4t lowcost) \u00e0 Microcar en prolongeant la vie d&rsquo;un ancien mod\u00e8le.<\/span><\/p>\n<p><span style=\"font-family: Arial Black;\">1. MINAUTO<\/span><\/p>\n<table cellspacing=\"3\" cellpadding=\"3\" bgcolor=\"#C0C0C0\">\n<tbody>\n<tr>\n<td><img decoding=\"async\" loading=\"lazy\" src=\"https:\/\/archives-catalogues-automobiles.fr\/laurentbunnik\/QA-0MIN1000.jpg\" width=\"153\" height=\"170\" border=\"0\" \/><\/td>\n<td><img decoding=\"async\" loading=\"lazy\" src=\"https:\/\/archives-catalogues-automobiles.fr\/laurentbunnik\/QA-0MIN2000.jpg\" width=\"196\" height=\"139\" border=\"0\" \/><\/td>\n<\/tr>\n<tr>\n<td><span style=\"font-family: Arial Black; font-size: medium;\">0MIN1000<\/span><\/td>\n<td><span style=\"font-family: Arial Black;\">0MIN2000<\/span><\/td>\n<\/tr>\n<\/tbody>\n<\/table>\n<p><span style=\"font-family: Arial Black; font-size: small;\">0MIN1000-01, MINAUTO, 02\/2014, F, ref : 0XB002, 12 pages, format A4<\/span><\/p>\n<p><span style=\"font-family: Arial Black; font-size: small;\">0MIN2000-01, MINAUTO, 10\/2024, F, ref : 001 B01 24B, 12 pages, format A4<\/span><\/p>\n<p>&nbsp;<\/p>\n","protected":false},"excerpt":{"rendered":"<div class=\"mh-excerpt\"><p>Minauto \u00e9tait le nom d&rsquo;un mod\u00e8le produit par Bel Motors (devenu Bellier), et a \u00e9t\u00e9 exhum\u00e9 pour donner une seconde <a class=\"mh-excerpt-more\" href=\"https:\/\/archives-catalogues-automobiles.fr\/index.php\/2016\/06\/30\/catalogues-minauto\/\" title=\"CATALOGUES MINAUTO\">[&#8230;]<\/a><\/p>\n<\/div>","protected":false},"author":1,"featured_media":13491,"comment_status":"closed","ping_status":"closed","sticky":false,"template":"","format":"standard","meta":[],"categories":[6],"tags":[],"acf":[],"_links":{"self":[{"href":"https:\/\/archives-catalogues-automobiles.fr\/index.php\/wp-json\/wp\/v2\/posts\/4128"}],"collection":[{"href":"https:\/\/archives-catalogues-automobiles.fr\/index.php\/wp-json\/wp\/v2\/posts"}],"about":[{"href":"https:\/\/archives-catalogues-automobiles.fr\/index.php\/wp-json\/wp\/v2\/types\/post"}],"author":[{"embeddable":true,"href":"https:\/\/archives-catalogues-automobiles.fr\/index.php\/wp-json\/wp\/v2\/users\/1"}],"replies":[{"embeddable":true,"href":"https:\/\/archives-catalogues-automobiles.fr\/index.php\/wp-json\/wp\/v2\/comments?post=4128"}],"version-history":[{"count":0,"href":"https:\/\/archives-catalogues-automobiles.fr\/index.php\/wp-json\/wp\/v2\/posts\/4128\/revisions"}],"wp:featuredmedia":[{"embeddable":true,"href":"https:\/\/archives-catalogues-automobiles.fr\/index.php\/wp-json\/wp\/v2\/media\/13491"}],"wp:attachment":[{"href":"https:\/\/archives-catalogues-automobiles.fr\/index.php\/wp-json\/wp\/v2\/media?parent=4128"}],"wp:term":[{"taxonomy":"category","embeddable":true,"href":"https:\/\/archives-catalogues-automobiles.fr\/index.php\/wp-json\/wp\/v2\/categories?post=4128"},{"taxonomy":"post_tag","embeddable":true,"href":"https:\/\/archives-catalogues-automobiles.fr\/index.php\/wp-json\/wp\/v2\/tags?post=4128"}],"curies":[{"name":"wp","href":"https:\/\/api.w.org\/{rel}","templated":true}]}}