{"id":4087,"date":"2016-06-30T17:02:28","date_gmt":"2016-06-30T17:02:28","guid":{"rendered":"http:\/\/localhost\/laurent_bunnik\/?p=4058"},"modified":"2024-10-19T10:31:56","modified_gmt":"2024-10-19T08:31:56","slug":"0del0002","status":"publish","type":"post","link":"https:\/\/archives-catalogues-automobiles.fr\/index.php\/2016\/06\/30\/0del0002\/","title":{"rendered":"CATALOGUES DELAGE"},"content":{"rendered":"<p><span style=\"font-family: Arial Black; font-size: medium;\">Delage fut l&rsquo;une des marques repr\u00e9sentant le prestige fran\u00e7ais en automobile, avec notamment la D6 qui marqua l&rsquo;apoth\u00e9ose de 1930 \u00e0&#8230; 1953 (Elle fut le seul mod\u00e8le de la marque apr\u00e8s-guerre). La fusion avec Delahaye ne la sauva malheureusement pas du naufrage.<br \/>\nEn 2023, la marque revient avec une voiture con\u00e7ue comme une voiture de comp\u00e9tition \u00e0 moteur V12, homologu\u00e9e sur route et disponible sous deux carrosseries.<\/span><\/p>\n<h2><span style=\"font-family: Arial Black;\">1. DELAGE D6<\/span><\/h2>\n<table cellspacing=\"3\" cellpadding=\"3\" bgcolor=\"#C0C0C0\">\n<tbody>\n<tr>\n<td><img decoding=\"async\" loading=\"lazy\" src=\"https:\/\/archives-catalogues-automobiles.fr\/laurentbunnik\/AA-0DEL4000.jpg\" width=\"195\" height=\"153\" border=\"0\" \/><\/td>\n<td><img decoding=\"async\" loading=\"lazy\" src=\"https:\/\/archives-catalogues-automobiles.fr\/laurentbunnik\/Q-0DEL4001.jpg\" width=\"187\" height=\"145\" \/><\/td>\n<td><img decoding=\"async\" loading=\"lazy\" src=\"https:\/\/archives-catalogues-automobiles.fr\/laurentbunnik\/AA-0DEL4002.jpg\" width=\"170\" height=\"139\" border=\"0\" \/><\/td>\n<td><img decoding=\"async\" loading=\"lazy\" src=\"https:\/\/archives-catalogues-automobiles.fr\/laurentbunnik\/AA-0DEL4003.jpg\" width=\"190\" height=\"149\" border=\"0\" \/><\/td>\n<\/tr>\n<tr>\n<td><span style=\"font-family: Arial Black; font-size: medium;\">ODEL4000<\/span><\/td>\n<td><span style=\"font-family: Arial Black;\">0DEL4001<\/span><\/td>\n<td><span style=\"font-family: Arial Black;\">0DEL4002<\/span><\/td>\n<td><span style=\"font-family: Arial Black;\">0DEL4003<\/span><\/td>\n<\/tr>\n<\/tbody>\n<\/table>\n<p><span style=\"font-family: Arial Black; font-size: small;\">0DEL4000-01, DELAGE D6-65 D8-85, 09\/1934, 24 pages, format A4<\/span><\/p>\n<p><span style=\"font-family: Arial Black; font-size: small;\">0DEL4001-01, DELAGE D6 3 LITRES \/ OLYMPIC, 1946, 2 pages, format A4<\/span><\/p>\n<p><span style=\"font-family: Arial Black; font-size: small;\">0DEL4002-01, DELAGE D6 3 LITRES, 1948, 2 pages, format A4<\/span><\/p>\n<p><span style=\"font-family: Arial Black; font-size: small;\">0DEL4003-01, DELAGE D6 3 LITRES, 1949, 2 pages, format A4<\/span><\/p>\n<hr \/>\n<h2><span style=\"font-family: Arial Black;\">2. DELAGE D12<\/span><\/h2>\n<table cellspacing=\"3\" cellpadding=\"3\" bgcolor=\"#C0C0C0\">\n<tbody>\n<tr>\n<td><img decoding=\"async\" loading=\"lazy\" src=\"https:\/\/archives-catalogues-automobiles.fr\/laurentbunnik\/QA-0DEL4100.jpg\" width=\"176\" height=\"125\" border=\"0\" \/><\/td>\n<\/tr>\n<tr>\n<td><span style=\"font-family: Arial Black; font-size: medium;\">ODEL4100<\/span><\/td>\n<\/tr>\n<\/tbody>\n<\/table>\n<p><span style=\"font-family: Arial Black; font-size: small;\">0DEL4100-01, DELAGE D12, 2024, 58 pages, format 2\/3 A4, couverture rigide<\/span><\/p>\n<p>&nbsp;<\/p>\n<p>&nbsp;<\/p>\n","protected":false},"excerpt":{"rendered":"<div class=\"mh-excerpt\"><p>Delage fut l&rsquo;une des marques repr\u00e9sentant le prestige fran\u00e7ais en automobile, avec notamment la D6 qui marqua l&rsquo;apoth\u00e9ose de 1930 <a class=\"mh-excerpt-more\" href=\"https:\/\/archives-catalogues-automobiles.fr\/index.php\/2016\/06\/30\/0del0002\/\" title=\"CATALOGUES DELAGE\">[&#8230;]<\/a><\/p>\n<\/div>","protected":false},"author":1,"featured_media":13490,"comment_status":"closed","ping_status":"closed","sticky":false,"template":"","format":"standard","meta":[],"categories":[137],"tags":[],"acf":[],"_links":{"self":[{"href":"https:\/\/archives-catalogues-automobiles.fr\/index.php\/wp-json\/wp\/v2\/posts\/4087"}],"collection":[{"href":"https:\/\/archives-catalogues-automobiles.fr\/index.php\/wp-json\/wp\/v2\/posts"}],"about":[{"href":"https:\/\/archives-catalogues-automobiles.fr\/index.php\/wp-json\/wp\/v2\/types\/post"}],"author":[{"embeddable":true,"href":"https:\/\/archives-catalogues-automobiles.fr\/index.php\/wp-json\/wp\/v2\/users\/1"}],"replies":[{"embeddable":true,"href":"https:\/\/archives-catalogues-automobiles.fr\/index.php\/wp-json\/wp\/v2\/comments?post=4087"}],"version-history":[{"count":0,"href":"https:\/\/archives-catalogues-automobiles.fr\/index.php\/wp-json\/wp\/v2\/posts\/4087\/revisions"}],"wp:featuredmedia":[{"embeddable":true,"href":"https:\/\/archives-catalogues-automobiles.fr\/index.php\/wp-json\/wp\/v2\/media\/13490"}],"wp:attachment":[{"href":"https:\/\/archives-catalogues-automobiles.fr\/index.php\/wp-json\/wp\/v2\/media?parent=4087"}],"wp:term":[{"taxonomy":"category","embeddable":true,"href":"https:\/\/archives-catalogues-automobiles.fr\/index.php\/wp-json\/wp\/v2\/categories?post=4087"},{"taxonomy":"post_tag","embeddable":true,"href":"https:\/\/archives-catalogues-automobiles.fr\/index.php\/wp-json\/wp\/v2\/tags?post=4087"}],"curies":[{"name":"wp","href":"https:\/\/api.w.org\/{rel}","templated":true}]}}