{"id":3919,"date":"2016-06-30T16:43:23","date_gmt":"2016-06-30T16:43:23","guid":{"rendered":"http:\/\/localhost\/laurent_bunnik\/?p=1269"},"modified":"2024-07-13T10:12:08","modified_gmt":"2024-07-13T08:12:08","slug":"catalogues-vauxhall-bedford-bedford-bedford-vectra-c","status":"publish","type":"post","link":"https:\/\/archives-catalogues-automobiles.fr\/index.php\/2016\/06\/30\/catalogues-vauxhall-bedford-bedford-bedford-vectra-c\/","title":{"rendered":"CATALOGUES VAUXHALL VECTRA C 2001 &#8211; 2008"},"content":{"rendered":"<div align=\"center\"><\/div>\n<p><span style=\"font-family: Arial Black; font-size: medium;\">La Vauxhall Vectra C est d&#8217;embl\u00e9e disponible en deux carrosseries pour toute la gamme (Alors qu&rsquo;en Europe continentale la 5 portes est r\u00e9serv\u00e9e \u00e0 la GTS), auxquelles le break viendra s&rsquo;ajouter dans un second temps.<\/span><\/p>\n<div align=\"center\"><center><\/p>\n<table border=\"1\" cellspacing=\"0\" cellpadding=\"0\" bgcolor=\"#C0C0C0\">\n<tbody>\n<tr>\n<td width=\"100%\"><span style=\"font-family: Arial Black;\">La Boutique ARCHIVES CATALOGUES AUTOMOBILES<\/span><\/td>\n<\/tr>\n<tr>\n<td width=\"100%\"><a href=\"https:\/\/www.archives-catalogues-automobiles.fr\/shop\/fr\/1423-vauxhall-vectra\"><span style=\"font-family: Arial Black; font-size: small;\">CATALOGUES \/ BROCHURES VAUXHALL VECTRA A VENDRE \/ FOR SALE<\/span><\/a><\/td>\n<\/tr>\n<\/tbody>\n<\/table>\n<p><\/center><\/div>\n<h2><span style=\"font-family: Arial Black;\">1. VAUXHALL VECTRA<\/span><\/h2>\n<table cellspacing=\"3\" cellpadding=\"3\" bgcolor=\"#C0C0C0\">\n<tbody>\n<tr>\n<td><img decoding=\"async\" loading=\"lazy\" src=\"https:\/\/archives-catalogues-automobiles.fr\/laurentbunnik\/FA-VXV39000.jpg\" width=\"150\" height=\"208\" border=\"0\" \/><\/td>\n<td><img decoding=\"async\" loading=\"lazy\" src=\"https:\/\/archives-catalogues-automobiles.fr\/laurentbunnik\/FA-VXV39001.jpg\" width=\"150\" height=\"208\" border=\"0\" \/><\/td>\n<td><img decoding=\"async\" loading=\"lazy\" src=\"https:\/\/archives-catalogues-automobiles.fr\/laurentbunnik\/FA-VXV39003.jpg\" width=\"150\" height=\"208\" border=\"0\" \/><\/td>\n<td><img decoding=\"async\" loading=\"lazy\" src=\"https:\/\/archives-catalogues-automobiles.fr\/laurentbunnik\/FA-VXV39002.jpg\" width=\"150\" height=\"208\" border=\"0\" \/><\/td>\n<\/tr>\n<tr>\n<td><span style=\"font-family: Arial Black; font-size: medium;\">VXV39000<\/span><\/td>\n<td><span style=\"font-family: Arial Black; font-size: medium;\">VXV39001<\/span><\/td>\n<td><span style=\"font-family: Arial Black; font-size: medium;\">VXV39003<\/span><\/td>\n<td><span style=\"font-family: Arial Black;\">VXV39002<\/span><\/td>\n<\/tr>\n<tr>\n<td><img decoding=\"async\" loading=\"lazy\" src=\"https:\/\/archives-catalogues-automobiles.fr\/laurentbunnik\/FA-VXV39004.jpg\" width=\"150\" height=\"207\" border=\"0\" \/><\/td>\n<td><img decoding=\"async\" loading=\"lazy\" src=\"https:\/\/archives-catalogues-automobiles.fr\/laurentbunnik\/FA-VXV39005.jpg\" width=\"150\" height=\"207\" border=\"0\" \/><\/td>\n<td><img decoding=\"async\" loading=\"lazy\" src=\"https:\/\/archives-catalogues-automobiles.fr\/laurentbunnik\/FA-VXV39006.jpg\" width=\"150\" height=\"208\" border=\"0\" \/><\/td>\n<td><img decoding=\"async\" loading=\"lazy\" src=\"https:\/\/archives-catalogues-automobiles.fr\/laurentbunnik\/FA-VXV39007.jpg\" width=\"150\" height=\"208\" border=\"0\" \/><\/td>\n<\/tr>\n<tr>\n<td><span style=\"font-family: Arial Black;\">VXV39004<\/span><\/td>\n<td><span style=\"font-family: Arial Black;\">VXV39005<\/span><\/td>\n<td><span style=\"font-family: Arial Black;\">VXV39006<\/span><\/td>\n<td><span style=\"font-family: Arial Black;\">VXV39007<\/span><\/td>\n<\/tr>\n<tr>\n<td><img decoding=\"async\" loading=\"lazy\" src=\"https:\/\/archives-catalogues-automobiles.fr\/laurentbunnik\/FA-VXV39008.jpg\" width=\"150\" height=\"208\" border=\"0\" \/><\/td>\n<td><img decoding=\"async\" loading=\"lazy\" src=\"https:\/\/archives-catalogues-automobiles.fr\/laurentbunnik\/FA-VXV39009.jpg\" width=\"150\" height=\"208\" border=\"0\" \/><\/td>\n<td><img decoding=\"async\" loading=\"lazy\" src=\"https:\/\/archives-catalogues-automobiles.fr\/laurentbunnik\/FA-VXV39010.jpg\" width=\"174\" height=\"118\" border=\"0\" \/><\/td>\n<td><\/td>\n<\/tr>\n<tr>\n<td><span style=\"font-family: Arial Black;\">VXV39008<\/span><\/td>\n<td><span style=\"font-family: Arial Black;\">VXV39009<\/span><\/td>\n<td><span style=\"font-family: Arial Black;\">VXV39010<\/span><\/td>\n<td><\/td>\n<\/tr>\n<\/tbody>\n<\/table>\n<p><span style=\"font-family: Arial Black; font-size: small;\">VXV39000-01, VAUXHALL VECTRA, 11\/2001, GB, ref : VM0102867, 8 pages, format A4<\/span><\/p>\n<p><span style=\"font-family: Arial Black; font-size: small;\">VXV39001-01, VAUXHALL VECTRA, 05\/2002, GB, ref : VM0203097, 24 pages, format A4<\/span><\/p>\n<p><span style=\"font-family: Arial Black; font-size: small;\">VXV39003-01, VAUXHALL VECTRA, 05\/2002, GB, ref : VM0203096, 16 pages, format A4<\/span><\/p>\n<p><span style=\"font-family: Arial Black; font-size: small;\">VXV39002-01, VAUXHALL VECTRA, 06\/2002, GB, ref : VM0203097, 48 pages, format A4<br \/>\nVXV39002-02, VAUXHALL VECTRA, 07\/2002, GB, ref : VM0203097, 48 pages, format A4<\/span><\/p>\n<p><span style=\"font-family: Arial Black; font-size: small;\">VXV39004-01, VAUXHALL VECTRA, 06\/2002, GB, ( = VXV39001-01 + VXV39002-01 sous pochette)<br \/>\nVXV39004-02, VAUXHALL VECTRA, 07\/2002, GB, ( = VXV39001-01 + VXV39002-02 sous pochette)<\/span><\/p>\n<p><span style=\"font-family: Arial Black; font-size: small;\">VXV39005-01, VAUXHALL VECTRA, 01\/2003, GB, ref : VM0203737, 52 pages, format A4<\/span><\/p>\n<p><span style=\"font-family: Arial Black; font-size: small;\">VXV39006-01, VAUXHALL VECTRA, 09\/2003, GB, ref : VM0304224, 48 pages, format A4<\/span><\/p>\n<p><span style=\"font-family: Arial Black; font-size: small;\">VXV39007-01, VAUXHALL VECTRA, 10\/2003, GB, ref : VM0304227, 40 pages, format A4<br \/>\nVXV39007-02, VAUXHALL VECTRA, 02\/2004, GB, ref : VM0404698, 40 pages, format A4<br \/>\nVXV39007-03, VAUXHALL VECTRA, 04\/2004, GB, ref : VM0404719, 40 pages, format A4<\/span><\/p>\n<p><span style=\"font-family: Arial Black; font-size: small;\">VXV39008-01, VAUXHALL VECTRA, 09\/2004, GB, ref : VM0405000, 36 pages, format A4<br \/>\nVXV39008-02, VAUXHALL VECTRA, 02\/2005, GB, ref : VM0405422, 36 pages, format A4<\/span><\/p>\n<p><span style=\"font-family: Arial Black; font-size: small;\">VXV39009-01, VAUXHALL VECTRA \/ SIGNUM, 09\/2005, GB, ref : VM0405744, 46 pages, format A4<br \/>\nVXV39009-02, VAUXHALL VECTRA \/ SIGNUM, 10\/2005, GB, ref : VM0405744, 46 pages, format A4<br \/>\nVXV39009-03, VAUXHALL VECTRA \/ SIGNUM, 01\/2006, GB, ref : VM0506141, 46 pages, format A4<br \/>\nVXV39009-04, VAUXHALL VECTRA \/ SIGNUM, 08\/2006, GB, ref : VM0606436, 46 pages, format A4<\/span><\/p>\n<p><span style=\"font-family: Arial Black; font-size: small;\">VXV39010-01, VAUXHALL VECTRA \/ SIGNUM, 07\/2007, GB, ref : VM0707349, 76 pages, format 2\/3 A4<br \/>\nVXV39010-02, VAUXHALL VECTRA, 02\/2008, GB, ref : VM0807671, 66 pages, format 2\/3 A4<\/span><\/p>\n<hr \/>\n<h2><span style=\"font-family: Arial Black;\">2. VAUXHALL VECTRA Mod\u00e8les sp\u00e9ciaux<\/span><\/h2>\n<table cellspacing=\"3\" cellpadding=\"3\" bgcolor=\"#C0C0C0\">\n<tbody>\n<tr>\n<td><img decoding=\"async\" loading=\"lazy\" src=\"https:\/\/archives-catalogues-automobiles.fr\/laurentbunnik\/FA-VXV39100.jpg\" width=\"150\" height=\"208\" border=\"0\" \/><\/td>\n<td><img decoding=\"async\" loading=\"lazy\" src=\"https:\/\/archives-catalogues-automobiles.fr\/laurentbunnik\/FA-VXV39101.jpg\" width=\"150\" height=\"209\" border=\"0\" \/><\/td>\n<\/tr>\n<tr>\n<td><span style=\"font-family: Arial Black; font-size: medium;\">VXV39100<\/span><\/td>\n<td><span style=\"font-family: Arial Black; font-size: medium;\">VXV39101<\/span><\/td>\n<\/tr>\n<\/tbody>\n<\/table>\n<p><span style=\"font-family: Arial Black; font-size: small;\">VXV39100-01, VAUXHALL VECTRA ACTIVE, 04\/2003, GB, ref : VM0303886, 4 pages, format A4<br \/>\nVXV39100-02, VAUXHALL VECTRA ACTIVE, 08\/2003, GB, ref : VM0304226, 4 pages, format A4<\/span><\/p>\n<p><span style=\"font-family: Arial Black; font-size: small;\">VXV39101-01, VAUXHALL VECTRA EDITION 100, 06\/2003, GB, ref : VM0303887, 6 pages, format A4<\/span><\/p>\n<p>&nbsp;<\/p>\n","protected":false},"excerpt":{"rendered":"<div class=\"mh-excerpt\"><p>La Vauxhall Vectra C est d&#8217;embl\u00e9e disponible en deux carrosseries pour toute la gamme (Alors qu&rsquo;en Europe continentale la 5 <a class=\"mh-excerpt-more\" href=\"https:\/\/archives-catalogues-automobiles.fr\/index.php\/2016\/06\/30\/catalogues-vauxhall-bedford-bedford-bedford-vectra-c\/\" title=\"CATALOGUES VAUXHALL VECTRA C 2001 &#8211; 2008\">[&#8230;]<\/a><\/p>\n<\/div>","protected":false},"author":1,"featured_media":13463,"comment_status":"closed","ping_status":"closed","sticky":false,"template":"","format":"standard","meta":[],"categories":[407],"tags":[],"acf":[],"_links":{"self":[{"href":"https:\/\/archives-catalogues-automobiles.fr\/index.php\/wp-json\/wp\/v2\/posts\/3919"}],"collection":[{"href":"https:\/\/archives-catalogues-automobiles.fr\/index.php\/wp-json\/wp\/v2\/posts"}],"about":[{"href":"https:\/\/archives-catalogues-automobiles.fr\/index.php\/wp-json\/wp\/v2\/types\/post"}],"author":[{"embeddable":true,"href":"https:\/\/archives-catalogues-automobiles.fr\/index.php\/wp-json\/wp\/v2\/users\/1"}],"replies":[{"embeddable":true,"href":"https:\/\/archives-catalogues-automobiles.fr\/index.php\/wp-json\/wp\/v2\/comments?post=3919"}],"version-history":[{"count":0,"href":"https:\/\/archives-catalogues-automobiles.fr\/index.php\/wp-json\/wp\/v2\/posts\/3919\/revisions"}],"wp:featuredmedia":[{"embeddable":true,"href":"https:\/\/archives-catalogues-automobiles.fr\/index.php\/wp-json\/wp\/v2\/media\/13463"}],"wp:attachment":[{"href":"https:\/\/archives-catalogues-automobiles.fr\/index.php\/wp-json\/wp\/v2\/media?parent=3919"}],"wp:term":[{"taxonomy":"category","embeddable":true,"href":"https:\/\/archives-catalogues-automobiles.fr\/index.php\/wp-json\/wp\/v2\/categories?post=3919"},{"taxonomy":"post_tag","embeddable":true,"href":"https:\/\/archives-catalogues-automobiles.fr\/index.php\/wp-json\/wp\/v2\/tags?post=3919"}],"curies":[{"name":"wp","href":"https:\/\/api.w.org\/{rel}","templated":true}]}}