{"id":3882,"date":"2016-06-30T16:43:23","date_gmt":"2016-06-30T16:43:23","guid":{"rendered":"http:\/\/localhost\/laurent_bunnik\/?p=1269"},"modified":"2024-07-06T08:15:58","modified_gmt":"2024-07-06T06:15:58","slug":"catalogues-vauxhall-bedford-bedford-bedford-astra-f","status":"publish","type":"post","link":"https:\/\/archives-catalogues-automobiles.fr\/index.php\/2016\/06\/30\/catalogues-vauxhall-bedford-bedford-bedford-astra-f\/","title":{"rendered":"CATALOGUES VAUXHALL ASTRA F 1991 &#8211; 1998"},"content":{"rendered":"<p><span style=\"font-family: Arial Black; font-size: medium;\">La Vauxhall Astra devient l&rsquo;homologue de sa consoeur Opel (pr\u00e9c\u00e9demment Kadett), \u00e0 la calandre et la finition pr\u00e8s.<\/span><\/p>\n<div align=\"center\"><center><\/p>\n<table border=\"1\" cellspacing=\"0\" cellpadding=\"0\" bgcolor=\"#C0C0C0\">\n<tbody>\n<tr>\n<td width=\"100%\"><span style=\"font-family: Arial Black;\">La Boutique ARCHIVES CATALOGUES AUTOMOBILES<\/span><\/td>\n<\/tr>\n<tr>\n<td width=\"100%\"><a href=\"https:\/\/www.archives-catalogues-automobiles.fr\/shop\/fr\/1421-vauxhall-astra\"><span style=\"font-family: Arial Black; font-size: small;\">CATALOGUES \/ BROCHURES VAUXHALL ASTRA A VENDRE \/ FOR SALE<\/span><\/a><\/td>\n<\/tr>\n<\/tbody>\n<\/table>\n<p><\/center><\/div>\n<h2><span style=\"font-family: Arial Black; font-size: x-large;\">1. VAUXHALL ASTRA<\/span><\/h2>\n<table cellspacing=\"3\" cellpadding=\"3\" bgcolor=\"#C0C0C0\">\n<tbody>\n<tr>\n<td><img decoding=\"async\" loading=\"lazy\" src=\"https:\/\/archives-catalogues-automobiles.fr\/laurentbunnik\/FA-VXA39026.jpg\" width=\"150\" height=\"208\" border=\"0\" \/><\/td>\n<td><img decoding=\"async\" loading=\"lazy\" src=\"https:\/\/archives-catalogues-automobiles.fr\/laurentbunnik\/FA-VXA39000.jpg\" width=\"150\" height=\"205\" border=\"0\" \/><\/td>\n<td><img decoding=\"async\" loading=\"lazy\" src=\"https:\/\/archives-catalogues-automobiles.fr\/laurentbunnik\/FA-VXA39001.jpg\" width=\"150\" height=\"207\" border=\"0\" \/><\/td>\n<td><img decoding=\"async\" loading=\"lazy\" src=\"https:\/\/archives-catalogues-automobiles.fr\/laurentbunnik\/FA-VXA39002.jpg\" width=\"150\" height=\"208\" border=\"0\" \/><\/td>\n<\/tr>\n<tr>\n<td><span style=\"font-family: Arial Black; font-size: medium;\">VXA39026<\/span><\/td>\n<td><span style=\"font-family: Arial Black; font-size: medium;\">VXA39000<\/span><\/td>\n<td><span style=\"font-family: Arial Black; font-size: medium;\">VXA39001<\/span><\/td>\n<td><span style=\"font-family: Arial Black; font-size: medium;\">VXA39002<\/span><\/td>\n<\/tr>\n<tr>\n<td><img decoding=\"async\" loading=\"lazy\" src=\"https:\/\/archives-catalogues-automobiles.fr\/laurentbunnik\/FA-VXA39003.jpg\" width=\"150\" height=\"207\" border=\"0\" \/><\/td>\n<td><\/td>\n<td><\/td>\n<td><\/td>\n<\/tr>\n<tr>\n<td><span style=\"font-family: Arial Black; font-size: medium;\">VXA39003<\/span><\/td>\n<td><\/td>\n<td><\/td>\n<td><\/td>\n<\/tr>\n<\/tbody>\n<\/table>\n<p><span style=\"font-family: Arial Black; font-size: small;\">VXA39026-01, VAUXHALL ASTRA, 02\/1994, GB, ref : V7393, 64 pages, format A4<\/span><\/p>\n<p><span style=\"font-family: Arial Black; font-size: small;\">VXA39000-01, VAUXHALL ASTRA, 09\/1994, GB, ref : V10340, 60 pages, format A4<\/span><\/p>\n<p><span style=\"font-family: Arial Black; font-size: small;\">VXA39001-01, VAUXHALL ASTRA, 08\/1995, GB, ref : V10340, 64 pages, format A4<br \/>\nVXA39001-02, VAUXHALL ASTRA, 03\/1996, GB, ref : V10340, 64 pages, format A4<\/span><\/p>\n<p><span style=\"font-family: Arial Black; font-size: small;\">VXA39002-01, VAUXHALL ASTRA, 08\/1996, GB, ref : V10444, 12 pages, format A4<\/span><\/p>\n<p><span style=\"font-family: Arial Black; font-size: small;\">VXA39003-01, VAUXHALL ASTRA, 08\/1996, GB, ref : V10340, 60 pages, format A4<br \/>\nVXA39003-02, VAUXHALL ASTRA, 03\/1997, GB, ref : V10340, 60 pages, format A4<br \/>\nVXA39003-03, VAUXHALL ASTRA, 08\/1997, GB, ref : V10340, 58 pages, format A4<\/span><\/p>\n<hr \/>\n<h2><span style=\"font-family: Arial Black; font-size: x-large;\">2. VAUXHALL ASTRA Mod\u00e8les sp\u00e9ciaux<\/span><\/h2>\n<table cellspacing=\"3\" cellpadding=\"3\" bgcolor=\"#C0C0C0\">\n<tbody>\n<tr>\n<td><img decoding=\"async\" loading=\"lazy\" src=\"https:\/\/archives-catalogues-automobiles.fr\/laurentbunnik\/FA-VXA39004.jpg\" width=\"150\" height=\"208\" border=\"0\" \/><\/td>\n<td><img decoding=\"async\" loading=\"lazy\" src=\"https:\/\/archives-catalogues-automobiles.fr\/laurentbunnik\/FA-VXA39005.jpg\" width=\"150\" height=\"205\" border=\"0\" \/><\/td>\n<td><img decoding=\"async\" loading=\"lazy\" src=\"https:\/\/archives-catalogues-automobiles.fr\/laurentbunnik\/FA-VXA39006.jpg\" width=\"150\" height=\"207\" border=\"0\" \/><\/td>\n<td><img decoding=\"async\" loading=\"lazy\" src=\"https:\/\/archives-catalogues-automobiles.fr\/laurentbunnik\/FA-VXA39007.jpg\" width=\"150\" height=\"207\" border=\"0\" \/><\/td>\n<\/tr>\n<tr>\n<td><span style=\"font-family: Arial Black; font-size: medium;\">VXA39004<\/span><\/td>\n<td><span style=\"font-family: Arial Black; font-size: medium;\">VXA39005<\/span><\/td>\n<td><span style=\"font-family: Arial Black; font-size: medium;\">VXA39006<\/span><\/td>\n<td><span style=\"font-family: Arial Black; font-size: medium;\">VXA39007<\/span><\/td>\n<\/tr>\n<tr>\n<td><img decoding=\"async\" loading=\"lazy\" src=\"https:\/\/archives-catalogues-automobiles.fr\/laurentbunnik\/FA-VXA39008.jpg\" width=\"150\" height=\"207\" border=\"0\" \/><\/td>\n<td><img decoding=\"async\" loading=\"lazy\" src=\"https:\/\/archives-catalogues-automobiles.fr\/laurentbunnik\/FA-VXA39027.jpg\" width=\"150\" height=\"210\" border=\"0\" \/><\/td>\n<td><img decoding=\"async\" loading=\"lazy\" src=\"https:\/\/archives-catalogues-automobiles.fr\/laurentbunnik\/FA-VXA39009.jpg\" width=\"150\" height=\"208\" border=\"0\" \/><\/td>\n<td><img decoding=\"async\" loading=\"lazy\" src=\"https:\/\/archives-catalogues-automobiles.fr\/laurentbunnik\/FA-VXA39010.jpg\" width=\"147\" height=\"206\" border=\"0\" \/><\/td>\n<\/tr>\n<tr>\n<td><span style=\"font-family: Arial Black; font-size: medium;\">VXA39008<\/span><\/td>\n<td><span style=\"font-family: Arial Black; font-size: medium;\">VXA39027<\/span><\/td>\n<td><span style=\"font-family: Arial Black; font-size: medium;\">VXA39009<\/span><\/td>\n<td><span style=\"font-family: Arial Black; font-size: medium;\">VXA39010<\/span><\/td>\n<\/tr>\n<tr>\n<td><img decoding=\"async\" loading=\"lazy\" src=\"https:\/\/archives-catalogues-automobiles.fr\/laurentbunnik\/FA-VXA39011.jpg\" width=\"150\" height=\"208\" border=\"0\" \/><\/td>\n<td><img decoding=\"async\" loading=\"lazy\" src=\"https:\/\/archives-catalogues-automobiles.fr\/laurentbunnik\/FA-VXA39012.jpg\" width=\"147\" height=\"206\" border=\"0\" \/><\/td>\n<td><img decoding=\"async\" loading=\"lazy\" src=\"https:\/\/archives-catalogues-automobiles.fr\/laurentbunnik\/FA-VXA39013.jpg\" width=\"150\" height=\"207\" border=\"0\" \/><\/td>\n<td><img decoding=\"async\" loading=\"lazy\" src=\"https:\/\/archives-catalogues-automobiles.fr\/laurentbunnik\/FA-VXA39014.jpg\" width=\"150\" height=\"209\" border=\"0\" \/><\/td>\n<\/tr>\n<tr>\n<td><span style=\"font-family: Arial Black; font-size: medium;\">VXA39011<\/span><\/td>\n<td><span style=\"font-family: Arial Black; font-size: medium;\">VXA39012<\/span><\/td>\n<td><span style=\"font-family: Arial Black; font-size: medium;\">VXA39013<\/span><\/td>\n<td><span style=\"font-family: Arial Black; font-size: medium;\">VXA39014<\/span><\/td>\n<\/tr>\n<\/tbody>\n<\/table>\n<p><span style=\"font-family: Arial Black; font-size: small;\">VXA39004-01, VAUXHALL ASTRA ARCTIC, 03\/1997, GB, ref : V10485, 6 pages, format A4<\/span><\/p>\n<p><span style=\"font-family: Arial Black; font-size: small;\">VXA39005-01, VAUXHALL ASTRA ARCTIC II, 08\/1997, GB, ref : V10508, 6 pages, format A4<\/span><\/p>\n<p><span style=\"font-family: Arial Black; font-size: small;\">VXA39006-01, VAUXHALL ASTRA ARIZONA, 04\/1995, GB, ref : V10376, 6 pages, format A4<\/span><\/p>\n<p><span style=\"font-family: Arial Black; font-size: small;\">VXA39007-01, VAUXHALL ASTRA ATLAS, 02\/1995, GB, ref : V10363, 6 pages, format A4<\/span><\/p>\n<p><span style=\"font-family: Arial Black; font-size: small;\">VXA39008-01, VAUXHALL ASTRA CDX, 03\/1995, GB, ref : V10369, 6 pages, format A4<\/span><\/p>\n<p><span style=\"font-family: Arial Black; font-size: small;\">VXA39027-01, VAUXHALL ASTRA CONVERTIBLE, 03\/1994, GB, ref : V10290, 14 pages, format A4<\/span><\/p>\n<p><span style=\"font-family: Arial Black; font-size: small;\">VXA39009-01, VAUXHALL ASTRA CONVERTIBLE, 10\/1994, GB, ref : V10351, 2 pages, format A4<\/span><\/p>\n<p><span style=\"font-family: Arial Black; font-size: small;\">VXA39010-01, VAUXHALL ASTRA CONVERTIBLE, 10\/1994, GB, ref : V10290, 16 pages, format A4<\/span><\/p>\n<p><span style=\"font-family: Arial Black; font-size: small;\">VXA39011-01, VAUXHALL ASTRA CONVERTIBLE, 03\/1996, GB, ref : V10290, 16 pages, format A4<br \/>\nVXA39011-02, VAUXHALL ASTRA CONVERTIBLE, 09\/1996, GB, ref : V10290, 16 pages, format A4<br \/>\nVXA39011-03, VAUXHALL ASTRA CONVERTIBLE, 03\/1997, GB, ref : V10290, 16 pages, format A4<\/span><\/p>\n<p><span style=\"font-family: Arial Black; font-size: small;\">VXA39012-01, VAUXHALL ASTRA CONVERTIBLE, 09\/1997, GB, ref : V10518, 18 pahes, format A4<\/span><\/p>\n<p><span style=\"font-family: Arial Black; font-size: small;\">VXA39013-01, VAUXHALL ASTRA CONVERTIBLE, 03\/1998, GB, ref : V10518, 18 pages, format A4<\/span><\/p>\n<p><span style=\"font-family: Arial Black; font-size: small;\">VXA39014-01, VAUXHALL ASTRA DUO, 09\/1996, GB, ref : V10455, 6 pages, format A4<\/span><\/p>\n<table cellspacing=\"3\" cellpadding=\"3\" bgcolor=\"#C0C0C0\">\n<tbody>\n<tr>\n<td><img decoding=\"async\" loading=\"lazy\" src=\"https:\/\/archives-catalogues-automobiles.fr\/laurentbunnik\/FA-VXA39015.jpg\" width=\"150\" height=\"207\" border=\"0\" \/><\/td>\n<td><img decoding=\"async\" loading=\"lazy\" src=\"https:\/\/archives-catalogues-automobiles.fr\/laurentbunnik\/FA-VXA39016.jpg\" width=\"150\" height=\"208\" border=\"0\" \/><\/td>\n<td><img decoding=\"async\" loading=\"lazy\" src=\"https:\/\/archives-catalogues-automobiles.fr\/laurentbunnik\/FA-VXA39017.jpg\" width=\"150\" height=\"208\" border=\"0\" \/><\/td>\n<td><img decoding=\"async\" loading=\"lazy\" src=\"https:\/\/archives-catalogues-automobiles.fr\/laurentbunnik\/FA-VXA39018.jpg\" width=\"150\" height=\"208\" border=\"0\" \/><\/td>\n<\/tr>\n<tr>\n<td><span style=\"font-family: Arial Black; font-size: medium;\">VXA39015<\/span><\/td>\n<td><span style=\"font-family: Arial Black; font-size: medium;\">VXA39016<\/span><\/td>\n<td><span style=\"font-family: Arial Black; font-size: medium;\">VXA39017<\/span><\/td>\n<td><span style=\"font-family: Arial Black; font-size: medium;\">VXA39018<\/span><\/td>\n<\/tr>\n<tr>\n<td><img decoding=\"async\" loading=\"lazy\" src=\"https:\/\/archives-catalogues-automobiles.fr\/laurentbunnik\/FA-VXA39019.jpg\" width=\"150\" height=\"209\" border=\"0\" \/><\/td>\n<td><img decoding=\"async\" loading=\"lazy\" src=\"https:\/\/archives-catalogues-automobiles.fr\/laurentbunnik\/FA-VXA39020.jpg\" width=\"150\" height=\"208\" border=\"0\" \/><\/td>\n<td><img decoding=\"async\" loading=\"lazy\" src=\"https:\/\/archives-catalogues-automobiles.fr\/laurentbunnik\/FA-VXA39021.jpg\" width=\"150\" height=\"208\" border=\"0\" \/><\/td>\n<td><img decoding=\"async\" loading=\"lazy\" src=\"https:\/\/archives-catalogues-automobiles.fr\/laurentbunnik\/FA-VXA39022.jpg\" width=\"150\" height=\"208\" border=\"0\" \/><\/td>\n<\/tr>\n<tr>\n<td><span style=\"font-family: Arial Black; font-size: medium;\">VXA39019<\/span><\/td>\n<td><span style=\"font-family: Arial Black; font-size: medium;\">VXA39020<\/span><\/td>\n<td><span style=\"font-family: Arial Black; font-size: medium;\">VXA39021<\/span><\/td>\n<td><span style=\"font-family: Arial Black; font-size: medium;\">VXA39022<\/span><\/td>\n<\/tr>\n<tr>\n<td><img decoding=\"async\" loading=\"lazy\" src=\"https:\/\/archives-catalogues-automobiles.fr\/laurentbunnik\/FA-VXA39023.jpg\" width=\"147\" height=\"207\" border=\"0\" \/><\/td>\n<td><img decoding=\"async\" loading=\"lazy\" src=\"https:\/\/archives-catalogues-automobiles.fr\/laurentbunnik\/FA-VXA39024.jpg\" width=\"150\" height=\"209\" border=\"0\" \/><\/td>\n<td><img decoding=\"async\" loading=\"lazy\" src=\"https:\/\/archives-catalogues-automobiles.fr\/laurentbunnik\/FA-VXA39025.jpg\" width=\"150\" height=\"209\" border=\"0\" \/><\/td>\n<td><img decoding=\"async\" loading=\"lazy\" src=\"https:\/\/archives-catalogues-automobiles.fr\/laurentbunnik\/FA-VXA39028.jpg\" width=\"150\" height=\"208\" border=\"0\" \/><\/td>\n<\/tr>\n<tr>\n<td><span style=\"font-family: Arial Black; font-size: medium;\">VXA39023<\/span><\/td>\n<td><span style=\"font-family: Arial Black; font-size: medium;\">VXA39024<\/span><\/td>\n<td><span style=\"font-family: Arial Black; font-size: medium;\">VXA39025<\/span><\/td>\n<td><span style=\"font-family: Arial Black; font-size: medium;\">VXA39028<\/span><\/td>\n<\/tr>\n<\/tbody>\n<\/table>\n<p><span style=\"font-family: Arial Black; font-size: small;\">VXA39015-01, VAUXHALL ASTRA EXPRESSION, 09\/1995, GB, ref : V10397, 6 pages, format A4<br \/>\nVXA39015-02, VAUXHALL ASTRA EXPRESSION, 02\/1996, GB, ref : V10397, 6 pages, format A4<\/span><\/p>\n<p><span style=\"font-family: Arial Black; font-size: small;\">VXA39016-01, VAUXHALL ASTRA EXPRESSION, 09\/1996, GB, ref : V10454, 6 pages, format A4<\/span><\/p>\n<p><span style=\"font-family: Arial Black; font-size: small;\">VXA39017-01, VAUXHALL ASTRA EXPRESSION, 08\/1997, GB, ref : V10509, 6 pages, format A4<\/span><\/p>\n<p><span style=\"font-family: Arial Black; font-size: small;\">VXA39018-01, VAUXHALL ASTRA GSI, 12\/1996, GB, ref : V10467, 8 pages, format A4<\/span><\/p>\n<p><span style=\"font-family: Arial Black; font-size: small;\">VXA39019-01, VAUXHALL ASTRA GSI 1.8 I 16V, 05\/1993, GB, ref : V10289, 4 pages, format A4<\/span><\/p>\n<p><span style=\"font-family: Arial Black; font-size: small;\">VXA39020-01, VAUXHALL ASTRA MONTANA, 09\/1995, GB, ref : V10399, 6 pages, format A4<\/span><\/p>\n<p><span style=\"font-family: Arial Black; font-size: small;\">VXA39021-01, VAUXHALL ASTRA PREMIER, 04\/1996, GB, ref : V10422, 6 pages, format A4<\/span><\/p>\n<p><span style=\"font-family: Arial Black; font-size: small;\">VXA39022-01, VAUXHALL ASTRA SWING, 04\/1994, GB, ref : V10318, 6 pages, format A4<\/span><\/p>\n<p><span style=\"font-family: Arial Black; font-size: small;\">VXA39023-01, VAUXHALL ASTRAVAN, 09\/1994, GB, ref : B5185, 20 pages, format A4<\/span><\/p>\n<p><span style=\"font-family: Arial Black; font-size: small;\">VXA39024-01, VAUXHALL ASTRAVAN, 08\/1995, GB, ref : B5201, 12 pages, format A4<\/span><\/p>\n<p><span style=\"font-family: Arial Black; font-size: small;\">VXA39025-01, VAUXHALL ASTRAVAN, 04\/1996, GB, ref : B5185, 20 pages, format A4<\/span><\/p>\n<p><span style=\"font-family: Arial Black; font-size: small;\">VXA39028-01, VAUXHALL ASTRAVAN EPIC, 06\/1993, GB, ref : B5145, 4 pages, format A4<\/span><\/p>\n<p>&nbsp;<\/p>\n","protected":false},"excerpt":{"rendered":"<div class=\"mh-excerpt\"><p>La Vauxhall Astra devient l&rsquo;homologue de sa consoeur Opel (pr\u00e9c\u00e9demment Kadett), \u00e0 la calandre et la finition pr\u00e8s. La Boutique <a class=\"mh-excerpt-more\" href=\"https:\/\/archives-catalogues-automobiles.fr\/index.php\/2016\/06\/30\/catalogues-vauxhall-bedford-bedford-bedford-astra-f\/\" title=\"CATALOGUES VAUXHALL ASTRA F 1991 &#8211; 1998\">[&#8230;]<\/a><\/p>\n<\/div>","protected":false},"author":1,"featured_media":13455,"comment_status":"closed","ping_status":"closed","sticky":false,"template":"","format":"standard","meta":[],"categories":[407],"tags":[],"acf":[],"_links":{"self":[{"href":"https:\/\/archives-catalogues-automobiles.fr\/index.php\/wp-json\/wp\/v2\/posts\/3882"}],"collection":[{"href":"https:\/\/archives-catalogues-automobiles.fr\/index.php\/wp-json\/wp\/v2\/posts"}],"about":[{"href":"https:\/\/archives-catalogues-automobiles.fr\/index.php\/wp-json\/wp\/v2\/types\/post"}],"author":[{"embeddable":true,"href":"https:\/\/archives-catalogues-automobiles.fr\/index.php\/wp-json\/wp\/v2\/users\/1"}],"replies":[{"embeddable":true,"href":"https:\/\/archives-catalogues-automobiles.fr\/index.php\/wp-json\/wp\/v2\/comments?post=3882"}],"version-history":[{"count":0,"href":"https:\/\/archives-catalogues-automobiles.fr\/index.php\/wp-json\/wp\/v2\/posts\/3882\/revisions"}],"wp:featuredmedia":[{"embeddable":true,"href":"https:\/\/archives-catalogues-automobiles.fr\/index.php\/wp-json\/wp\/v2\/media\/13455"}],"wp:attachment":[{"href":"https:\/\/archives-catalogues-automobiles.fr\/index.php\/wp-json\/wp\/v2\/media?parent=3882"}],"wp:term":[{"taxonomy":"category","embeddable":true,"href":"https:\/\/archives-catalogues-automobiles.fr\/index.php\/wp-json\/wp\/v2\/categories?post=3882"},{"taxonomy":"post_tag","embeddable":true,"href":"https:\/\/archives-catalogues-automobiles.fr\/index.php\/wp-json\/wp\/v2\/tags?post=3882"}],"curies":[{"name":"wp","href":"https:\/\/api.w.org\/{rel}","templated":true}]}}