{"id":3868,"date":"2016-06-30T16:43:23","date_gmt":"2016-06-30T16:43:23","guid":{"rendered":"http:\/\/localhost\/laurent_bunnik\/?p=1269"},"modified":"2022-07-02T10:31:31","modified_gmt":"2022-07-02T08:31:31","slug":"catalogues-tvr-3000m-taimar-s","status":"publish","type":"post","link":"https:\/\/archives-catalogues-automobiles.fr\/index.php\/2016\/06\/30\/catalogues-tvr-3000m-taimar-s\/","title":{"rendered":"CATALOGUES TVR 3000M \/ TAIMAR \/ S-SERIES"},"content":{"rendered":"<p><span style=\"font-family: Arial Black;\">H\u00e9riti\u00e8re des premiers mod\u00e8les TVR Grantura, Griffith et Tuscan, la 3000M recevra le V6 Ford 3 litres, parfois m\u00eame dot\u00e9 d&rsquo;un turbocompresseur. Apr\u00e8s une \u00e9clipse de plusieurs ann\u00e9es (pendant lesquelles les mod\u00e8les aux lignes anguleuses 280i \u00e0 450 SE occuperont le terrain), la carrosserie classique ressortira en 1986 sous le nom de S-Series jusqu&rsquo;en 1993.\u00a0<span style=\"font-size: small;\">Laurent Bunnik<\/span><\/span><\/p>\n<div align=\"center\"><center><\/p>\n<table border=\"1\" cellspacing=\"0\" cellpadding=\"0\" bgcolor=\"#C0C0C0\">\n<tbody>\n<tr>\n<td width=\"100%\"><span style=\"font-family: Arial Black;\">La Boutique ARCHIVES CATALOGUES AUTOMOBILES<\/span><\/td>\n<\/tr>\n<tr>\n<td width=\"100%\"><a href=\"https:\/\/www.archives-catalogues-automobiles.fr\/shop\/fr\/385-tvr\"><span style=\"font-family: Arial Black; font-size: small;\">CATALOGUES \/ BROCHURES TVR A VENDRE \/ FOR SALE<\/span><\/a><\/td>\n<\/tr>\n<\/tbody>\n<\/table>\n<p><\/center><\/div>\n<p><span style=\"font-family: Arial Black; font-size: x-large;\">1. TVR 3000M \/ TAIMAR \/ TURBO \/ S-SERIES<\/span><\/p>\n<table cellspacing=\"3\" cellpadding=\"3\" bgcolor=\"#C0C0C0\">\n<tbody>\n<tr>\n<td><img decoding=\"async\" loading=\"lazy\" src=\"https:\/\/archives-catalogues-automobiles.fr\/laurentbunnik\/F-TV304001.jpg\" width=\"170\" height=\"87\" border=\"0\" \/><\/td>\n<td><img decoding=\"async\" loading=\"lazy\" src=\"https:\/\/archives-catalogues-automobiles.fr\/laurentbunnik\/F-TV304000.jpg\" width=\"70\" height=\"145\" border=\"0\" \/><\/td>\n<td><img decoding=\"async\" loading=\"lazy\" src=\"https:\/\/archives-catalogues-automobiles.fr\/laurentbunnik\/FA-TV304004.jpg\" width=\"148\" height=\"208\" border=\"0\" \/><\/td>\n<td><img decoding=\"async\" loading=\"lazy\" src=\"https:\/\/archives-catalogues-automobiles.fr\/laurentbunnik\/F-TV304002.jpg\" width=\"207\" height=\"146\" border=\"0\" \/><\/td>\n<\/tr>\n<tr>\n<td><span style=\"font-family: Arial Black;\">TV304000<\/span><\/td>\n<td><span style=\"font-family: Arial Black;\">TV304001<\/span><\/td>\n<td><span style=\"font-family: Arial Black;\">TV304004<\/span><\/td>\n<td><span style=\"font-family: Arial Black;\">TV304002<\/span><\/td>\n<\/tr>\n<tr>\n<td><img decoding=\"async\" loading=\"lazy\" src=\"https:\/\/archives-catalogues-automobiles.fr\/laurentbunnik\/FA-TV304003.jpg\" width=\"150\" height=\"210\" border=\"0\" \/><\/td>\n<td>\u00a0<img decoding=\"async\" loading=\"lazy\" src=\"https:\/\/archives-catalogues-automobiles.fr\/laurentbunnik\/F-TVS04000.jpg\" width=\"148\" height=\"209\" \/><\/td>\n<td><img decoding=\"async\" loading=\"lazy\" src=\"https:\/\/archives-catalogues-automobiles.fr\/laurentbunnik\/F-TVS04001.jpg\" width=\"207\" height=\"147\" \/><\/td>\n<td>\u00a0<img decoding=\"async\" loading=\"lazy\" src=\"https:\/\/archives-catalogues-automobiles.fr\/laurentbunnik\/F-TVS04003.jpg\" width=\"211\" height=\"102\" border=\"0\" \/><\/td>\n<\/tr>\n<tr>\n<td><span style=\"font-family: Arial Black;\">TV304003<\/span><\/td>\n<td><span style=\"font-family: Arial Black;\">TVS04000<\/span><\/td>\n<td><span style=\"font-family: Arial Black;\">TVS04001<\/span><\/td>\n<td><span style=\"font-family: Arial Black;\">TVS04003<\/span><\/td>\n<\/tr>\n<tr>\n<td><img decoding=\"async\" loading=\"lazy\" src=\"https:\/\/archives-catalogues-automobiles.fr\/laurentbunnik\/F-TVS04004.jpg\" width=\"210\" height=\"100\" \/><\/td>\n<td><span style=\"font-family: Arial Black;\"><img decoding=\"async\" loading=\"lazy\" src=\"https:\/\/archives-catalogues-automobiles.fr\/laurentbunnik\/F-TVS04005.jpg\" width=\"209\" height=\"149\" \/><\/span><\/td>\n<td><\/td>\n<td><\/td>\n<\/tr>\n<tr>\n<td><span style=\"font-family: Arial Black;\">TVS04004<\/span><\/td>\n<td><span style=\"font-family: Arial Black;\">TVS04005<\/span><\/td>\n<td><\/td>\n<td><\/td>\n<\/tr>\n<\/tbody>\n<\/table>\n<p><span style=\"font-family: Arial Black; font-size: small;\">TV304000-01, TVR 3000M, 1973, D, 6 pages, format 1\/2 A4<\/span><\/p>\n<p><span style=\"font-family: Arial Black; font-size: small;\">TV304001-01, TVR 3000M, 10\/1976, GB, 8 pages, format 1\/3 A4<\/span><\/p>\n<p><span style=\"font-family: Arial Black; font-size: small;\">TV304004-01, TVR 3000S CONVERTIBLE, 07\/1978, GB, 6 pages, format A4<\/span><\/p>\n<p><span style=\"font-family: Arial Black; font-size: small;\">TV304002-01, TVR TAIMAR, 10\/1976, GB, 6 pages, format A4<\/span><\/p>\n<p><span style=\"font-family: Arial Black; font-size: small;\">TV304003-01, TVR TURBO, 10\/1976, GB, 4 pages, format A4<\/span><\/p>\n<p><span style=\"font-family: Arial Black; font-size: small;\">TVS04000-01, TVR S, 1988, F, 4 pages, format A4<\/span><\/p>\n<p><span style=\"font-family: Arial Black; font-size: small;\">TVR04001-01, TVR S, 1989, F, 2 pages, format A4<\/span><\/p>\n<p><span style=\"font-family: Arial Black; font-size: small;\">TVR04003-01, TVR S3C, 1991, GB, 4 pages, format A4<\/span><\/p>\n<p><span style=\"font-family: Arial Black; font-size: small;\">TVR04004-01, TVR S4, 1992, GB, 4 pages, format A4<\/span><\/p>\n<p><span style=\"font-family: Arial Black; font-size: small;\">TVR04005-01, TVR S4, 1993, GB, 4 pages, format A4<\/span><\/p>\n<p><span style=\"font-family: 'Arial Black';\">H\u00e9riti\u00e8re des premiers mod\u00e8les TVR Grantura, Griffith et Tuscan, la 3000M recevra le V6 Ford 3 litres, parfois m\u00eame dot\u00e9 d&rsquo;un turbocompresseur. Apr\u00e8s une \u00e9clipse de plusieurs ann\u00e9es (pendant lesquelles les mod\u00e8les aux lignes anguleuses 280i \u00e0 450 SE occuperont le terrain), la carrosserie classique ressortira en 1986 sous le nom de S-Series jusqu&rsquo;en 1993. <span style=\"font-size: small;\">Laurent Bunnik<\/span><\/span><\/p>\n<table cellspacing=\"3\" cellpadding=\"3\" bgcolor=\"#C0C0C0\">\n<tbody>\n<tr>\n<td><img decoding=\"async\" loading=\"lazy\" src=\"https:\/\/archives-catalogues-automobiles.fr\/laurentbunnik\/F-TV304001.jpg\" width=\"170\" height=\"87\" border=\"0\" \/><\/td>\n<td><img decoding=\"async\" loading=\"lazy\" src=\"https:\/\/archives-catalogues-automobiles.fr\/laurentbunnik\/F-TV304000.jpg\" width=\"70\" height=\"145\" border=\"0\" \/><\/td>\n<td><img decoding=\"async\" loading=\"lazy\" src=\"https:\/\/archives-catalogues-automobiles.fr\/laurentbunnik\/FA-TV304004.jpg\" width=\"148\" height=\"208\" border=\"0\" \/><\/td>\n<td><img decoding=\"async\" loading=\"lazy\" src=\"https:\/\/archives-catalogues-automobiles.fr\/laurentbunnik\/F-TV304002.jpg\" width=\"207\" height=\"146\" border=\"0\" \/><\/td>\n<\/tr>\n<tr>\n<td><span style=\"font-family: 'Arial Black';\">TV304000<\/span><\/td>\n<td><span style=\"font-family: 'Arial Black';\">TV304001<\/span><\/td>\n<td><span style=\"font-family: 'Arial Black';\">TV304004<\/span><\/td>\n<td><span style=\"font-family: 'Arial Black';\">TV304002<\/span><\/td>\n<\/tr>\n<tr>\n<td><img decoding=\"async\" loading=\"lazy\" src=\"https:\/\/archives-catalogues-automobiles.fr\/laurentbunnik\/FA-TV304003.jpg\" width=\"150\" height=\"210\" border=\"0\" \/><\/td>\n<td>\u00a0<img decoding=\"async\" loading=\"lazy\" src=\"https:\/\/archives-catalogues-automobiles.fr\/laurentbunnik\/F-TVS04000.jpg\" width=\"148\" height=\"209\" \/><\/td>\n<td><img decoding=\"async\" loading=\"lazy\" src=\"https:\/\/archives-catalogues-automobiles.fr\/laurentbunnik\/F-TVS04001.jpg\" width=\"207\" height=\"147\" \/><\/td>\n<td>\u00a0<img decoding=\"async\" loading=\"lazy\" src=\"https:\/\/archives-catalogues-automobiles.fr\/laurentbunnik\/F-TVS04003.jpg\" width=\"211\" height=\"102\" border=\"0\" \/><\/td>\n<\/tr>\n<tr>\n<td><span style=\"font-family: 'Arial Black';\">TV304003<\/span><\/td>\n<td><span style=\"font-family: 'Arial Black';\">TVS04000<\/span><\/td>\n<td><span style=\"font-family: 'Arial Black';\">TVS04001<\/span><\/td>\n<td><span style=\"font-family: 'Arial Black';\">TVS04003<\/span><\/td>\n<\/tr>\n<tr>\n<td><img decoding=\"async\" loading=\"lazy\" src=\"https:\/\/archives-catalogues-automobiles.fr\/laurentbunnik\/F-TVS04004.jpg\" width=\"210\" height=\"100\" \/><\/td>\n<td><span style=\"font-family: 'Arial Black';\"><img decoding=\"async\" loading=\"lazy\" src=\"https:\/\/archives-catalogues-automobiles.fr\/laurentbunnik\/F-TVS04005.jpg\" width=\"209\" height=\"149\" \/><\/span><\/td>\n<td><\/td>\n<td><\/td>\n<\/tr>\n<tr>\n<td><span style=\"font-family: 'Arial Black';\">TVS04004<\/span><\/td>\n<td><span style=\"font-family: 'Arial Black';\">TVS04005<\/span><\/td>\n<td><\/td>\n<td><\/td>\n<\/tr>\n<\/tbody>\n<\/table>\n<p><span style=\"font-family: 'Arial Black'; font-size: small;\">TV304000-01, TVR 3000M, 1973, D, 6 pages, format 1\/2 A4<\/span><\/p>\n<p><span style=\"font-family: 'Arial Black'; font-size: small;\">TV304001-01, TVR 3000M, 10\/1976, GB, 8 pages, format 1\/3 A4<\/span><\/p>\n<p><span style=\"font-family: 'Arial Black'; font-size: small;\">TV304004-01, TVR 3000S CONVERTIBLE, 07\/1978, GB, 6 pages, format A4<\/span><\/p>\n<p><span style=\"font-family: 'Arial Black'; font-size: small;\">TV304002-01, TVR TAIMAR, 10\/1976, GB, 6 pages, format A4<\/span><\/p>\n<p><span style=\"font-family: 'Arial Black'; font-size: small;\">TV304003-01, TVR TURBO, 10\/1976, GB, 4 pages, format A4<\/span><\/p>\n<p><span style=\"font-family: 'Arial Black'; font-size: small;\">TVS04000-01, TVR S, 1988, F, 4 pages, format A4<\/span><\/p>\n<p><span style=\"font-family: 'Arial Black'; font-size: small;\">TVR04001-01, TVR S, 1989, F, 2 pages, format A4<\/span><\/p>\n<p><span style=\"font-family: 'Arial Black'; font-size: small;\">TVR04003-01, TVR S3C, 1991, GB, 4 pages, format A4<\/span><\/p>\n<p><span style=\"font-family: 'Arial Black'; font-size: small;\">TVR04004-01, TVR S4, 1992, GB, 4 pages, format A4<\/span><\/p>\n<p><span style=\"font-family: 'Arial Black'; font-size: small;\">TVR04005-01, TVR S4, 1993, GB, 4 pages, format A4<\/span><\/p>\n","protected":false},"excerpt":{"rendered":"<div class=\"mh-excerpt\"><p>H\u00e9riti\u00e8re des premiers mod\u00e8les TVR Grantura, Griffith et Tuscan, la 3000M recevra le V6 Ford 3 litres, parfois m\u00eame dot\u00e9 <a class=\"mh-excerpt-more\" href=\"https:\/\/archives-catalogues-automobiles.fr\/index.php\/2016\/06\/30\/catalogues-tvr-3000m-taimar-s\/\" title=\"CATALOGUES TVR 3000M \/ TAIMAR \/ S-SERIES\">[&#8230;]<\/a><\/p>\n<\/div>","protected":false},"author":1,"featured_media":13046,"comment_status":"closed","ping_status":"closed","sticky":false,"template":"","format":"standard","meta":[],"categories":[403],"tags":[],"acf":[],"_links":{"self":[{"href":"https:\/\/archives-catalogues-automobiles.fr\/index.php\/wp-json\/wp\/v2\/posts\/3868"}],"collection":[{"href":"https:\/\/archives-catalogues-automobiles.fr\/index.php\/wp-json\/wp\/v2\/posts"}],"about":[{"href":"https:\/\/archives-catalogues-automobiles.fr\/index.php\/wp-json\/wp\/v2\/types\/post"}],"author":[{"embeddable":true,"href":"https:\/\/archives-catalogues-automobiles.fr\/index.php\/wp-json\/wp\/v2\/users\/1"}],"replies":[{"embeddable":true,"href":"https:\/\/archives-catalogues-automobiles.fr\/index.php\/wp-json\/wp\/v2\/comments?post=3868"}],"version-history":[{"count":0,"href":"https:\/\/archives-catalogues-automobiles.fr\/index.php\/wp-json\/wp\/v2\/posts\/3868\/revisions"}],"wp:featuredmedia":[{"embeddable":true,"href":"https:\/\/archives-catalogues-automobiles.fr\/index.php\/wp-json\/wp\/v2\/media\/13046"}],"wp:attachment":[{"href":"https:\/\/archives-catalogues-automobiles.fr\/index.php\/wp-json\/wp\/v2\/media?parent=3868"}],"wp:term":[{"taxonomy":"category","embeddable":true,"href":"https:\/\/archives-catalogues-automobiles.fr\/index.php\/wp-json\/wp\/v2\/categories?post=3868"},{"taxonomy":"post_tag","embeddable":true,"href":"https:\/\/archives-catalogues-automobiles.fr\/index.php\/wp-json\/wp\/v2\/tags?post=3868"}],"curies":[{"name":"wp","href":"https:\/\/api.w.org\/{rel}","templated":true}]}}