{"id":3863,"date":"2016-06-30T16:43:23","date_gmt":"2016-06-30T16:43:23","guid":{"rendered":"http:\/\/localhost\/laurent_bunnik\/?p=1269"},"modified":"2022-07-02T10:33:13","modified_gmt":"2022-07-02T08:33:13","slug":"catalogues-tvr-cerbera-tamora-t350c","status":"publish","type":"post","link":"https:\/\/archives-catalogues-automobiles.fr\/index.php\/2016\/06\/30\/catalogues-tvr-cerbera-tamora-t350c\/","title":{"rendered":"CATALOGUES TVR CERBERA \/ TAMORA \/ T350C"},"content":{"rendered":"<div align=\"center\"><center><\/p>\n<table border=\"1\" cellspacing=\"0\" cellpadding=\"0\" bgcolor=\"#C0C0C0\">\n<tbody>\n<tr>\n<td width=\"100%\"><span style=\"font-family: Arial Black;\">La Boutique ARCHIVES CATALOGUES AUTOMOBILES<\/span><\/td>\n<\/tr>\n<tr>\n<td width=\"100%\"><a href=\"https:\/\/www.archives-catalogues-automobiles.fr\/shop\/fr\/385-tvr\"><span style=\"font-family: Arial Black; font-size: small;\">CATALOGUES \/ BROCHURES TVR A VENDRE \/ FOR SALE<\/span><\/a><\/td>\n<\/tr>\n<\/tbody>\n<\/table>\n<p><\/center><\/div>\n<h2><span style=\"font-family: Arial Black;\">1. TVR CERBERA<\/span><\/h2>\n<table cellspacing=\"3\" cellpadding=\"3\" bgcolor=\"#C0C0C0\">\n<tbody>\n<tr>\n<td><img decoding=\"async\" loading=\"lazy\" src=\"https:\/\/archives-catalogues-automobiles.fr\/laurentbunnik\/F-TVCE4000.jpg\" width=\"209\" height=\"148\" \/><\/td>\n<td><img decoding=\"async\" loading=\"lazy\" src=\"https:\/\/archives-catalogues-automobiles.fr\/laurentbunnik\/F-TVCE4022.jpg\" width=\"70\" height=\"100\" \/><\/td>\n<td><img decoding=\"async\" loading=\"lazy\" src=\"https:\/\/archives-catalogues-automobiles.fr\/laurentbunnik\/F-TVCE4013.jpg\" width=\"100\" height=\"70\" \/><\/td>\n<td><img decoding=\"async\" loading=\"lazy\" src=\"https:\/\/archives-catalogues-automobiles.fr\/laurentbunnik\/F-TVCE4014.jpg\" width=\"100\" height=\"71\" \/><\/td>\n<\/tr>\n<tr>\n<td><span style=\"font-family: Arial Black;\">TVCE4000<\/span><\/td>\n<td><span style=\"font-family: Arial Black;\">TVCE4022<\/span><\/td>\n<td><span style=\"font-family: Arial Black;\">TVCE4013<\/span><\/td>\n<td><span style=\"font-family: Arial Black;\">TVCE4014<\/span><\/td>\n<\/tr>\n<tr>\n<td><img decoding=\"async\" loading=\"lazy\" src=\"https:\/\/archives-catalogues-automobiles.fr\/laurentbunnik\/F-TVCE4015.jpg\" width=\"100\" height=\"70\" \/><\/td>\n<td><img decoding=\"async\" loading=\"lazy\" src=\"https:\/\/archives-catalogues-automobiles.fr\/laurentbunnik\/F-TVCE4002.jpg\" width=\"100\" height=\"71\" \/><\/td>\n<td><img decoding=\"async\" loading=\"lazy\" src=\"https:\/\/archives-catalogues-automobiles.fr\/laurentbunnik\/F-TVCE4004.jpg\" width=\"100\" height=\"70\" \/><\/td>\n<td><img decoding=\"async\" loading=\"lazy\" src=\"https:\/\/archives-catalogues-automobiles.fr\/laurentbunnik\/F-TVCE4016.jpg\" width=\"100\" height=\"71\" \/><\/td>\n<\/tr>\n<tr>\n<td><span style=\"font-family: Arial Black;\">TVCE4015<\/span><\/td>\n<td><span style=\"font-family: Arial Black;\">TVCE4003<\/span><\/td>\n<td><span style=\"font-family: Arial Black;\">TVCE4004<\/span><\/td>\n<td><span style=\"font-family: Arial Black;\">TVCE4016<\/span><\/td>\n<\/tr>\n<tr>\n<td><img decoding=\"async\" loading=\"lazy\" src=\"https:\/\/archives-catalogues-automobiles.fr\/laurentbunnik\/F-TVCE4023.jpg\" width=\"148\" height=\"209\" \/><\/td>\n<td><img decoding=\"async\" loading=\"lazy\" src=\"https:\/\/archives-catalogues-automobiles.fr\/laurentbunnik\/F-TVCE4005.jpg\" width=\"100\" height=\"70\" \/><\/td>\n<td><img decoding=\"async\" loading=\"lazy\" src=\"https:\/\/archives-catalogues-automobiles.fr\/laurentbunnik\/F-TVCE4017.jpg\" width=\"100\" height=\"70\" \/><\/td>\n<td><span style=\"font-family: Arial Black;\"><img decoding=\"async\" loading=\"lazy\" src=\"https:\/\/archives-catalogues-automobiles.fr\/laurentbunnik\/F-TVCE4006.jpg\" width=\"100\" height=\"70\" align=\"absmiddle\" \/><\/span><\/td>\n<\/tr>\n<tr>\n<td><span style=\"font-family: Arial Black;\">TVCE4023<\/span><\/td>\n<td><span style=\"font-family: Arial Black;\">TVCE4005<\/span><\/td>\n<td><span style=\"font-family: Arial Black;\">TVCE4017<\/span><\/td>\n<td><span style=\"font-family: Arial Black;\">TVCE4006<\/span><\/td>\n<\/tr>\n<\/tbody>\n<\/table>\n<p><span style=\"font-family: Arial Black; font-size: small;\">TVCE4000-01, TVR CERBERA, 1995, D, 2 pages, format A4<\/span><\/p>\n<p><span style=\"font-family: Arial Black; font-size: small;\">TVCE4022-01, TVR CERBERA, 1995, GB, ref : 2\/1, format carte postale<\/span><\/p>\n<p><span style=\"font-family: Arial Black; font-size: small;\">TVCE4013-01, TVR CERBERA, 1996, GB, ref : 3\/1, format carte postale<\/span><\/p>\n<p><span style=\"font-family: Arial Black; font-size: small;\">TVCE4014-01, TVR CERBERA, 1996, GB, ref : 4\/4, format carte postale<\/span><\/p>\n<p><span style=\"font-family: Arial Black; font-size: small;\">TVCE4015-01, TVR CERBERA, 1996, GB, ref : 4\/9, format carte postale<\/span><\/p>\n<p><span style=\"font-family: Arial Black; font-size: small;\">TVCE4002-01, TVR CERBERA, 1997, GB, ref : 5\/3, format carte postale<\/span><\/p>\n<p><span style=\"font-family: Arial Black; font-size: small;\">TVCE4004-01, TVR CERBERA, 1997, GB, ref : 5\/12, format carte postale<\/span><\/p>\n<p><span style=\"font-family: Arial Black; font-size: small;\">TVCE4016-01, TVR CERBERA, 1997, GB, ref : 5\/6, format carte postale<\/span><\/p>\n<p><span style=\"font-family: Arial Black; font-size: small;\">TVCE4023-01, TVR CERBERA, 1998, GB, 6 pages, format A4<\/span><\/p>\n<p><span style=\"font-family: Arial Black; font-size: small;\">TVCE4005-01, TVR CERBERA, 1998, GB, ref : 6\/2, format carte postale<\/span><\/p>\n<p><span style=\"font-family: Arial Black; font-size: small;\">TVCE4017-01, TVR CERBERA, 1998, GB, ref : 6\/4, format carte postale<\/span><\/p>\n<p><span style=\"font-family: Arial Black; font-size: small;\">TVCE4006-01, TVR CERBERA, 1998, GB, ref : 6\/3, format carte postale<\/span><\/p>\n<table cellspacing=\"3\" cellpadding=\"3\" bgcolor=\"#C0C0C0\">\n<tbody>\n<tr>\n<td valign=\"top\">\n<p align=\"left\"><span style=\"font-family: Arial Black;\"><img decoding=\"async\" loading=\"lazy\" src=\"https:\/\/archives-catalogues-automobiles.fr\/laurentbunnik\/F-TVCE4007.jpg\" width=\"101\" height=\"70\" \/><\/span><\/p>\n<\/td>\n<td><span style=\"font-family: Arial Black;\"><img decoding=\"async\" loading=\"lazy\" src=\"https:\/\/archives-catalogues-automobiles.fr\/laurentbunnik\/F-TVCE4008.jpg\" width=\"102\" height=\"70\" \/><\/span><\/td>\n<td><span style=\"font-family: Arial Black;\"><img decoding=\"async\" loading=\"lazy\" src=\"https:\/\/archives-catalogues-automobiles.fr\/laurentbunnik\/F-TVCE4009.jpg\" width=\"99\" height=\"70\" \/><\/span><\/td>\n<td><span style=\"font-family: Arial Black;\"><img decoding=\"async\" loading=\"lazy\" src=\"https:\/\/archives-catalogues-automobiles.fr\/laurentbunnik\/F-TVCE4010.jpg\" width=\"100\" height=\"71\" \/><\/span><\/td>\n<\/tr>\n<tr>\n<td><span style=\"font-family: Arial Black;\">TVCE4007<\/span><\/td>\n<td><span style=\"font-family: Arial Black;\">TVCE4008<\/span><\/td>\n<td><span style=\"font-family: Arial Black;\">TVCE4009<\/span><\/td>\n<td><span style=\"font-family: Arial Black;\">TVCE4010<\/span><\/td>\n<\/tr>\n<tr>\n<td>\n<p align=\"left\"><span style=\"font-family: Arial Black;\"><img decoding=\"async\" loading=\"lazy\" src=\"https:\/\/archives-catalogues-automobiles.fr\/laurentbunnik\/F-TVCE4011.jpg\" width=\"100\" height=\"70\" \/><\/span><\/p>\n<\/td>\n<td><span style=\"font-family: Arial Black;\"><img decoding=\"async\" loading=\"lazy\" src=\"https:\/\/archives-catalogues-automobiles.fr\/laurentbunnik\/F-TVCE4012.jpg\" width=\"100\" height=\"70\" \/><\/span><\/td>\n<td><img decoding=\"async\" loading=\"lazy\" src=\"https:\/\/archives-catalogues-automobiles.fr\/laurentbunnik\/F-TVCE4019.jpg\" width=\"148\" height=\"209\" \/><\/td>\n<td><img decoding=\"async\" loading=\"lazy\" src=\"https:\/\/archives-catalogues-automobiles.fr\/laurentbunnik\/F-TVCE4018.jpg\" width=\"99\" height=\"70\" \/><\/td>\n<\/tr>\n<tr>\n<td><span style=\"font-family: Arial Black;\">TVCE4011<\/span><\/td>\n<td><span style=\"font-family: Arial Black;\">TVCE4012<\/span><\/td>\n<td><span style=\"font-family: Arial Black;\">TVCE4019<\/span><\/td>\n<td><span style=\"font-family: Arial Black;\">TVCE4018<\/span><\/td>\n<\/tr>\n<tr>\n<td><img decoding=\"async\" loading=\"lazy\" src=\"https:\/\/archives-catalogues-automobiles.fr\/laurentbunnik\/F-TVCE4024.jpg\" width=\"99\" height=\"71\" \/><\/td>\n<td><img decoding=\"async\" loading=\"lazy\" src=\"https:\/\/archives-catalogues-automobiles.fr\/laurentbunnik\/F-TVCE4025.jpg\" width=\"98\" height=\"71\" \/><\/td>\n<td><img decoding=\"async\" loading=\"lazy\" src=\"https:\/\/archives-catalogues-automobiles.fr\/laurentbunnik\/FA-TVCE4029.jpg\" width=\"148\" height=\"107\" border=\"0\" \/><\/td>\n<td><\/td>\n<\/tr>\n<tr>\n<td><span style=\"font-family: Arial Black; font-size: medium;\">TVCE4024<\/span><\/td>\n<td><span style=\"font-family: Arial Black; font-size: medium;\">TVCE4025<\/span><\/td>\n<td><span style=\"font-family: Arial Black; font-size: medium;\">TVCE4029<\/span><\/td>\n<td><\/td>\n<\/tr>\n<\/tbody>\n<\/table>\n<p><span style=\"font-family: Arial Black; font-size: small;\">TVCE4007-01, TVR CERBERA, 1998, GB, ref : 6\/9, format carte postale<\/span><\/p>\n<p><span style=\"font-family: Arial Black; font-size: small;\">TVCE4008-01, TVR CERBERA, 1998, GB, ref : 6\/10, format carte postale<\/span><\/p>\n<p><span style=\"font-family: Arial Black; font-size: small;\">TVCE4009-01, TVR CERBERA, 1998, GB, ref : 6\/11, format carte postale<\/span><\/p>\n<p><span style=\"font-family: Arial Black; font-size: small;\">TVCE4010-01, TVR CERBERA, 1998, GB, ref : 7\/2, format carte postale<\/span><\/p>\n<p><span style=\"font-family: Arial Black; font-size: small;\">TVCE4011-01, TVR CERBERA, 1998, GB, ref : 7\/2, format carte postale<br \/>\n(La r\u00e9f\u00e9rence est identique au pr\u00e9c\u00e9dent, mais la carte est diff\u00e9rente)<\/span><\/p>\n<p><span style=\"font-family: Arial Black; font-size: small;\">TVCE4012-01, TVR CERBERA, 1998, GB, ref : 7\/11, format carte postale<\/span><\/p>\n<p><span style=\"font-family: Arial Black; font-size: small;\">TVCE4019-01, TVR CERBERA, 2000, GB, 8 pages, format A4<\/span><\/p>\n<p><span style=\"font-family: Arial Black; font-size: small;\">TVCE4018-01, TVR CERBERA, 2001, GB, ref : 11\/7, format carte postale<\/span><\/p>\n<p><span style=\"font-family: Arial Black; font-size: small;\">TVCE4024-01, TVR CERBERA, 2001, GB, ref : 11\/9, format carte postale<\/span><\/p>\n<p><span style=\"font-family: Arial Black; font-size: small;\">TVCE4025-01, TVR CERBERA, 2001, GB, ref : 11\/11, format carte postale<\/span><\/p>\n<p><span style=\"font-family: Arial Black; font-size: small;\">TVCE4029-01, TVR CERBERA 4.5, 2006, GB, 40 pages, format 1\/2 A4<\/span><\/p>\n<hr \/>\n<h2><span style=\"font-family: Arial Black;\">2. TVR CERBERA SPEED 12<\/span><\/h2>\n<table cellspacing=\"3\" cellpadding=\"3\" bgcolor=\"#C0C0C0\">\n<tbody>\n<tr>\n<td><img decoding=\"async\" loading=\"lazy\" src=\"https:\/\/archives-catalogues-automobiles.fr\/laurentbunnik\/FA-TVCE4027.jpg\" width=\"100\" height=\"70\" border=\"0\" \/><\/td>\n<td><img decoding=\"async\" loading=\"lazy\" src=\"https:\/\/archives-catalogues-automobiles.fr\/laurentbunnik\/FA-TVCE4028.jpg\" width=\"100\" height=\"70\" border=\"0\" \/><\/td>\n<td><img decoding=\"async\" loading=\"lazy\" src=\"https:\/\/archives-catalogues-automobiles.fr\/laurentbunnik\/F-TVCE4026.jpg\" width=\"99\" height=\"70\" \/><\/td>\n<\/tr>\n<tr>\n<td><span style=\"font-family: Arial Black;\">TVCE4027<\/span><\/td>\n<td><span style=\"font-family: Arial Black;\">TVCE4028<\/span><\/td>\n<td><span style=\"font-family: Arial Black; font-size: medium;\">TVCE4026<\/span><\/td>\n<\/tr>\n<\/tbody>\n<\/table>\n<p><span style=\"font-family: Arial Black; font-size: small;\">TVCE4027-01, TVR CERBERA SPEED 12, 1999, GB, ref : 9\/19, format carte postale<\/span><\/p>\n<p><span style=\"font-family: Arial Black; font-size: small;\">TVCE4028-01, TVR CERBERA SPEED 12, 1999, GB, ref : 9\/19, format carte postale<\/span><\/p>\n<p><span style=\"font-family: Arial Black; font-size: small;\">TVCE4026-01, TVR CERBERA SPEED 12, 2001, GB, ref : 11\/15, format carte postale<\/span><\/p>\n<hr \/>\n<h2><span style=\"font-family: Arial Black;\">3. TVR TAMORA<\/span><\/h2>\n<table cellspacing=\"3\" cellpadding=\"3\" bgcolor=\"#C0C0C0\">\n<tbody>\n<tr>\n<td><img decoding=\"async\" loading=\"lazy\" src=\"https:\/\/archives-catalogues-automobiles.fr\/laurentbunnik\/F-TVTM4000.jpg\" width=\"99\" height=\"70\" \/><\/td>\n<td><img decoding=\"async\" loading=\"lazy\" src=\"https:\/\/archives-catalogues-automobiles.fr\/laurentbunnik\/FA-TVTM4001.jpg\" width=\"100\" height=\"70\" border=\"0\" \/><\/td>\n<td><img decoding=\"async\" loading=\"lazy\" src=\"https:\/\/archives-catalogues-automobiles.fr\/laurentbunnik\/FA-TVTM4002.jpg\" width=\"104\" height=\"74\" border=\"0\" \/><\/td>\n<\/tr>\n<tr>\n<td><span style=\"font-family: Arial Black; font-size: medium;\">TVTM4000<\/span><\/td>\n<td><span style=\"font-family: Arial Black;\">TVTM4001<\/span><\/td>\n<td><span style=\"font-family: Arial Black;\">TVTM4002<\/span><\/td>\n<\/tr>\n<\/tbody>\n<\/table>\n<p><span style=\"font-family: Arial Black; font-size: small;\">TVTM4000-01, TVR TAMORA, 2001, GB, ref : 11\/17, format carte postale<\/span><\/p>\n<p><span style=\"font-family: Arial Black; font-size: small;\">TVTM4001-01, TVR TAMORA, 2002, GB, ref : 12\/5, format carte postale<\/span><\/p>\n<p><span style=\"font-family: Arial Black; font-size: small;\">TVTM4002-01, TVR TAMORA, 2004, GB, format carte postale<\/span><\/p>\n<hr \/>\n<h2><span style=\"font-family: Arial Black;\">4. TVR T350<\/span><\/h2>\n<table cellspacing=\"3\" cellpadding=\"3\" bgcolor=\"#C0C0C0\">\n<tbody>\n<tr>\n<td><img decoding=\"async\" loading=\"lazy\" src=\"https:\/\/archives-catalogues-automobiles.fr\/laurentbunnik\/FA-TVT34000.jpg\" width=\"103\" height=\"74\" border=\"0\" \/><\/td>\n<\/tr>\n<tr>\n<td><span style=\"font-family: Arial Black; font-size: medium;\">TVT34000<\/span><\/td>\n<\/tr>\n<\/tbody>\n<\/table>\n<p><span style=\"font-family: Arial Black; font-size: small;\">TVT34000-01, TVR T350C, 2004, GB, format carte postale<\/span><\/p>\n<p>&nbsp;<\/p>\n","protected":false},"excerpt":{"rendered":"<div class=\"mh-excerpt\"><p>La Boutique ARCHIVES CATALOGUES AUTOMOBILES CATALOGUES \/ BROCHURES TVR A VENDRE \/ FOR SALE 1. TVR CERBERA TVCE4000 TVCE4022 TVCE4013 <a class=\"mh-excerpt-more\" href=\"https:\/\/archives-catalogues-automobiles.fr\/index.php\/2016\/06\/30\/catalogues-tvr-cerbera-tamora-t350c\/\" title=\"CATALOGUES TVR CERBERA \/ TAMORA \/ T350C\">[&#8230;]<\/a><\/p>\n<\/div>","protected":false},"author":1,"featured_media":13047,"comment_status":"closed","ping_status":"closed","sticky":false,"template":"","format":"standard","meta":[],"categories":[403],"tags":[],"acf":[],"_links":{"self":[{"href":"https:\/\/archives-catalogues-automobiles.fr\/index.php\/wp-json\/wp\/v2\/posts\/3863"}],"collection":[{"href":"https:\/\/archives-catalogues-automobiles.fr\/index.php\/wp-json\/wp\/v2\/posts"}],"about":[{"href":"https:\/\/archives-catalogues-automobiles.fr\/index.php\/wp-json\/wp\/v2\/types\/post"}],"author":[{"embeddable":true,"href":"https:\/\/archives-catalogues-automobiles.fr\/index.php\/wp-json\/wp\/v2\/users\/1"}],"replies":[{"embeddable":true,"href":"https:\/\/archives-catalogues-automobiles.fr\/index.php\/wp-json\/wp\/v2\/comments?post=3863"}],"version-history":[{"count":0,"href":"https:\/\/archives-catalogues-automobiles.fr\/index.php\/wp-json\/wp\/v2\/posts\/3863\/revisions"}],"wp:featuredmedia":[{"embeddable":true,"href":"https:\/\/archives-catalogues-automobiles.fr\/index.php\/wp-json\/wp\/v2\/media\/13047"}],"wp:attachment":[{"href":"https:\/\/archives-catalogues-automobiles.fr\/index.php\/wp-json\/wp\/v2\/media?parent=3863"}],"wp:term":[{"taxonomy":"category","embeddable":true,"href":"https:\/\/archives-catalogues-automobiles.fr\/index.php\/wp-json\/wp\/v2\/categories?post=3863"},{"taxonomy":"post_tag","embeddable":true,"href":"https:\/\/archives-catalogues-automobiles.fr\/index.php\/wp-json\/wp\/v2\/tags?post=3863"}],"curies":[{"name":"wp","href":"https:\/\/api.w.org\/{rel}","templated":true}]}}