{"id":3675,"date":"2016-06-30T16:43:23","date_gmt":"2016-06-30T16:43:23","guid":{"rendered":"http:\/\/localhost\/laurent_bunnik\/?p=1269"},"modified":"2025-11-01T10:01:05","modified_gmt":"2025-11-01T09:01:05","slug":"catalogues-seat-fura","status":"publish","type":"post","link":"https:\/\/archives-catalogues-automobiles.fr\/index.php\/2016\/06\/30\/catalogues-seat-fura\/","title":{"rendered":"CATALOGUES SEAT FURA"},"content":{"rendered":"<p><span style=\"font-family: Arial Black; font-size: medium;\">Ce mod\u00e8le qui ne fut disponible que peu de temps \u00e0 l&rsquo;exportation est d\u00e9riv\u00e9 de la canonique Fiat 127 et arbore un face-lift sp\u00e9cifique. Il ne se justifiait que dans le but d&rsquo;occuper le terrain en attendant l&rsquo;Ibiza.<\/span><\/p>\n<div align=\"center\">\n<table border=\"1\" cellspacing=\"0\" cellpadding=\"0\" bgcolor=\"#C0C0C0\">\n<tbody>\n<tr>\n<td width=\"100%\"><span style=\"font-family: Arial Black;\">La Boutique ARCHIVES CATALOGUES AUTOMOBILES<\/span><\/td>\n<\/tr>\n<tr>\n<td width=\"100%\"><a href=\"https:\/\/www.archives-catalogues-automobiles.fr\/shop\/fr\/1651-seat-fura\"><span style=\"font-family: Arial Black; font-size: small;\">CATALOGUES \/ BROCHURES SEAT FURA A VENDRE \/ FOR SALE<\/span><\/a><\/td>\n<\/tr>\n<\/tbody>\n<\/table>\n<p>&nbsp;<\/p>\n<\/div>\n<h2><span style=\"font-family: Arial Black;\">1. SEAT FURA<\/span><\/h2>\n<table cellspacing=\"3\" cellpadding=\"3\" bgcolor=\"#C0C0C0\">\n<tbody>\n<tr>\n<td><img decoding=\"async\" loading=\"lazy\" src=\"https:\/\/archives-catalogues-automobiles.fr\/laurentbunnik\/D-SEFU8000.jpg\" width=\"148\" height=\"210\" \/><\/td>\n<td><img decoding=\"async\" loading=\"lazy\" src=\"https:\/\/archives-catalogues-automobiles.fr\/laurentbunnik\/D-SEFU8001.jpg\" width=\"147\" height=\"69\" \/><\/td>\n<td><img decoding=\"async\" loading=\"lazy\" src=\"https:\/\/archives-catalogues-automobiles.fr\/laurentbunnik\/D-SEFU8002.jpg\" width=\"148\" height=\"209\" \/><\/td>\n<td><img decoding=\"async\" loading=\"lazy\" src=\"https:\/\/archives-catalogues-automobiles.fr\/laurentbunnik\/DA-SEFU8003.jpg\" width=\"209\" height=\"150\" border=\"0\" \/><\/td>\n<\/tr>\n<tr>\n<td><span style=\"font-family: Arial Black; font-size: medium;\">SEFU8000<\/span><\/td>\n<td><span style=\"font-family: Arial Black; font-size: medium;\">SEFU8001<\/span><\/td>\n<td><span style=\"font-family: Arial Black; font-size: medium;\">SEFU8002<\/span><\/td>\n<td><span style=\"font-family: Arial Black; font-size: medium;\">SEFU8003<\/span><\/td>\n<\/tr>\n<\/tbody>\n<\/table>\n<p><span style=\"font-family: Arial Black; font-size: small;\">SEFU8000-01, SEAT FURA, 1984, F, 4 pages, format A4<br \/>\nSEFU8000-02, SEAT FURA, 1984, INT FRA, 4 pages, format A4<br \/>\nSEFU8000-03, SEAT FURA, 1984, NL, 4 pages, format A4<br \/>\nSEFU8000-04, SEAT FURA, 1984, INT NED, 4 pages, format A4<\/span><\/p>\n<p><span style=\"font-family: Arial Black; font-size: small;\">SEFU8001-01, SEAT FURA, 1984, F, ref : DLM 34671, 6 pages, format 1\/3 A4<br \/>\nSEFU8001-02, SEAT FURA, 02\/1984, F, ref : 02.84 060F, 6 pages, format 1\/3 A4<\/span><\/p>\n<p><span style=\"font-family: Arial Black; font-size: small;\">SEFU8002-01, SEAT FURA, 1984, E, ref : DLM 34672, 8 pages, format A4<br \/>\nSEFU8002-02, SEAT FURA, 03\/1984, F, ref : F 03.84-062, 8 pages, format A4<br \/>\nSEFU8002-03, SEAT FURA, 03\/1984, B FRA, ref : F 03.84-062, 8 pages, format A4<br \/>\nSEFU8002-05, SEAT FURA, 08\/1984, B FRA, ref : F 08.84-285, 8 pages, format A4<br \/>\nSEFU8002-04, SEAT FURA, 11\/1984, B FRA, ref : DLM 34674, 8 pages, format A4<\/span><\/p>\n<p><span style=\"font-family: Arial Black; font-size: small;\">SEFU8003-01, SEAT FURA, 1984, D, 2 pages, format A4<\/span><\/p>\n<p>&nbsp;<\/p>\n","protected":false},"excerpt":{"rendered":"<div class=\"mh-excerpt\"><p>Ce mod\u00e8le qui ne fut disponible que peu de temps \u00e0 l&rsquo;exportation est d\u00e9riv\u00e9 de la canonique Fiat 127 et <a class=\"mh-excerpt-more\" href=\"https:\/\/archives-catalogues-automobiles.fr\/index.php\/2016\/06\/30\/catalogues-seat-fura\/\" title=\"CATALOGUES SEAT FURA\">[&#8230;]<\/a><\/p>\n<\/div>","protected":false},"author":1,"featured_media":13692,"comment_status":"closed","ping_status":"closed","sticky":false,"template":"","format":"standard","meta":[],"categories":[498],"tags":[],"acf":[],"_links":{"self":[{"href":"https:\/\/archives-catalogues-automobiles.fr\/index.php\/wp-json\/wp\/v2\/posts\/3675"}],"collection":[{"href":"https:\/\/archives-catalogues-automobiles.fr\/index.php\/wp-json\/wp\/v2\/posts"}],"about":[{"href":"https:\/\/archives-catalogues-automobiles.fr\/index.php\/wp-json\/wp\/v2\/types\/post"}],"author":[{"embeddable":true,"href":"https:\/\/archives-catalogues-automobiles.fr\/index.php\/wp-json\/wp\/v2\/users\/1"}],"replies":[{"embeddable":true,"href":"https:\/\/archives-catalogues-automobiles.fr\/index.php\/wp-json\/wp\/v2\/comments?post=3675"}],"version-history":[{"count":0,"href":"https:\/\/archives-catalogues-automobiles.fr\/index.php\/wp-json\/wp\/v2\/posts\/3675\/revisions"}],"wp:featuredmedia":[{"embeddable":true,"href":"https:\/\/archives-catalogues-automobiles.fr\/index.php\/wp-json\/wp\/v2\/media\/13692"}],"wp:attachment":[{"href":"https:\/\/archives-catalogues-automobiles.fr\/index.php\/wp-json\/wp\/v2\/media?parent=3675"}],"wp:term":[{"taxonomy":"category","embeddable":true,"href":"https:\/\/archives-catalogues-automobiles.fr\/index.php\/wp-json\/wp\/v2\/categories?post=3675"},{"taxonomy":"post_tag","embeddable":true,"href":"https:\/\/archives-catalogues-automobiles.fr\/index.php\/wp-json\/wp\/v2\/tags?post=3675"}],"curies":[{"name":"wp","href":"https:\/\/api.w.org\/{rel}","templated":true}]}}