{"id":3650,"date":"2016-06-30T16:43:23","date_gmt":"2016-06-30T16:43:23","guid":{"rendered":"http:\/\/localhost\/laurent_bunnik\/?p=1269"},"modified":"2023-11-18T08:30:07","modified_gmt":"2023-11-18T07:30:07","slug":"catalogues-saab-9-4x","status":"publish","type":"post","link":"https:\/\/archives-catalogues-automobiles.fr\/index.php\/2016\/06\/30\/catalogues-saab-9-4x\/","title":{"rendered":"CATALOGUES SAAB 9.4X"},"content":{"rendered":"<p><span style=\"font-family: Arial Black;\">Apr\u00e8s la 9.7X peu cr\u00e9dible sous le blason Saab, la 9.4X porte de vrais g\u00e8nes de la marque malgr\u00e9 un cousinage am\u00e9ricain. Toutefois, ce mod\u00e8le ne prendra pas vraiment la route \u00e0 cause de la faillite de Saab en 2011.<\/span><\/p>\n<div align=\"center\"><center><\/p>\n<table border=\"1\" cellspacing=\"0\" cellpadding=\"0\" bgcolor=\"#C0C0C0\">\n<tbody>\n<tr>\n<td width=\"100%\"><span style=\"font-family: Arial Black;\">La Boutique ARCHIVES CATALOGUES AUTOMOBILES<\/span><\/td>\n<\/tr>\n<tr>\n<td width=\"100%\"><a href=\"https:\/\/www.archives-catalogues-automobiles.fr\/shop\/fr\/1042-saab-9000\"><span style=\"font-family: Arial Black; font-size: small;\">CATALOGUES \/ BROCHURES SAAB 9.4X A VENDRE \/ FOR SALE<\/span><\/a><\/td>\n<\/tr>\n<\/tbody>\n<\/table>\n<p><\/center><\/div>\n<p><span style=\"font-family: Arial Black; font-size: x-large;\">1. SAAB 9.4X<\/span><\/p>\n<table cellspacing=\"3\" cellpadding=\"3\" bgcolor=\"#C0C0C0\">\n<tbody>\n<tr>\n<td><img decoding=\"async\" loading=\"lazy\" src=\"https:\/\/archives-catalogues-automobiles.fr\/laurentbunnik\/IA-SA941000.jpg\" width=\"151\" height=\"152\" border=\"0\" \/><\/td>\n<\/tr>\n<tr>\n<td><span style=\"font-family: Arial Black; font-size: medium;\">SA941000<\/span><\/td>\n<\/tr>\n<\/tbody>\n<\/table>\n<p><span style=\"font-family: Arial Black; font-size: small;\">SA941000-01, SAAB 9.4X, 12\/2010, F, ref : 32015578, 8 pages, format 3\/4 A4<br \/>\nSA941000-02, SAAB 9.4X, 11\/2010, D, ref : 32015577, 8 pages, format 3\/4 A4<br \/>\nSA941000-03, SAAB 9.4X, 11\/2010, INT ENG, ref : 32015581, 8 pages, format 3\/4 A4<br \/>\nSA941000-04, SAAB 9.4X, 11\/2010, I, ref : 32015579, 8 pages, format 3\/4 A4<br \/>\nSA941000-05, SAAB 9.4X, 11\/2010, NL, ref : 32015580, 8 pages, format 3\/4 A4<\/span><\/p>\n<p>&nbsp;<\/p>\n","protected":false},"excerpt":{"rendered":"<div class=\"mh-excerpt\"><p>Apr\u00e8s la 9.7X peu cr\u00e9dible sous le blason Saab, la 9.4X porte de vrais g\u00e8nes de la marque malgr\u00e9 un <a class=\"mh-excerpt-more\" href=\"https:\/\/archives-catalogues-automobiles.fr\/index.php\/2016\/06\/30\/catalogues-saab-9-4x\/\" title=\"CATALOGUES SAAB 9.4X\">[&#8230;]<\/a><\/p>\n<\/div>","protected":false},"author":1,"featured_media":11635,"comment_status":"closed","ping_status":"closed","sticky":false,"template":"","format":"standard","meta":[],"categories":[484],"tags":[],"acf":[],"_links":{"self":[{"href":"https:\/\/archives-catalogues-automobiles.fr\/index.php\/wp-json\/wp\/v2\/posts\/3650"}],"collection":[{"href":"https:\/\/archives-catalogues-automobiles.fr\/index.php\/wp-json\/wp\/v2\/posts"}],"about":[{"href":"https:\/\/archives-catalogues-automobiles.fr\/index.php\/wp-json\/wp\/v2\/types\/post"}],"author":[{"embeddable":true,"href":"https:\/\/archives-catalogues-automobiles.fr\/index.php\/wp-json\/wp\/v2\/users\/1"}],"replies":[{"embeddable":true,"href":"https:\/\/archives-catalogues-automobiles.fr\/index.php\/wp-json\/wp\/v2\/comments?post=3650"}],"version-history":[{"count":0,"href":"https:\/\/archives-catalogues-automobiles.fr\/index.php\/wp-json\/wp\/v2\/posts\/3650\/revisions"}],"wp:featuredmedia":[{"embeddable":true,"href":"https:\/\/archives-catalogues-automobiles.fr\/index.php\/wp-json\/wp\/v2\/media\/11635"}],"wp:attachment":[{"href":"https:\/\/archives-catalogues-automobiles.fr\/index.php\/wp-json\/wp\/v2\/media?parent=3650"}],"wp:term":[{"taxonomy":"category","embeddable":true,"href":"https:\/\/archives-catalogues-automobiles.fr\/index.php\/wp-json\/wp\/v2\/categories?post=3650"},{"taxonomy":"post_tag","embeddable":true,"href":"https:\/\/archives-catalogues-automobiles.fr\/index.php\/wp-json\/wp\/v2\/tags?post=3650"}],"curies":[{"name":"wp","href":"https:\/\/api.w.org\/{rel}","templated":true}]}}