{"id":3170,"date":"2016-06-30T16:43:23","date_gmt":"2016-06-30T16:43:23","guid":{"rendered":"http:\/\/localhost\/laurent_bunnik\/?p=1269"},"modified":"2016-08-04T13:38:15","modified_gmt":"2016-08-04T11:38:15","slug":"catalogues-nouveaux-mondial-paris-2004","status":"publish","type":"post","link":"https:\/\/archives-catalogues-automobiles.fr\/index.php\/2016\/06\/30\/catalogues-nouveaux-mondial-paris-2004\/","title":{"rendered":"NOUVEAUX MONDIAL PARIS 2004"},"content":{"rendered":"<div align=\"center\"><center><\/p>\n<table border=\"3\" cellpadding=\"3\" cellspacing=\"3\">\n<tr>\n<td>\n<h1><font >NOUVEAUTES SALON DE PARIS 2004<\/font><\/h1>\n<\/td>\n<\/tr>\n<\/table>\n<p><\/center><\/div>\n<div align=\"center\"><center><\/p>\n<table border=\"3\" cellpadding=\"3\" cellspacing=\"3\"bgcolor=\"#FFFFFF\">\n<tr>\n<td><font  >Pour plus de        d\u00e9tails sur les brochures et documents pr\u00e9sent\u00e9s,        suivez le lien sous chaque mod\u00e8le.<br \/>\n        <\/font><font size=\"2\" ><em>For more        details on the presented documents, follow the link under        each model<br \/>\n        F\u00fcr mehr Information auf die presentierte Prospekte,        folgen Sie das Link unter jedes Modell<\/em><\/font><\/td>\n<\/tr>\n<\/table>\n<p><\/center><\/div>\n<p><font >Le Mondial 2004 fut moins prolifique en <\/font><font  >nouveaut\u00e9s que l&rsquo;\u00e9dition pr\u00e9c\u00e9dente, beaucoup de constructeurs ayant d\u00e9cid\u00e9 de d\u00e9voiler leurs mod\u00e8les 2005 avec quelques semaines d&rsquo;avance.<\/font><\/p>\n<p><font  >Malgr\u00e9 une conjoncture \u00e9conomique qui reste difficile, la vitalit\u00e9 de certains constructeurs perp\u00e9tue le r\u00eave automobile&#8230;<\/font><\/p>\n<p><font  >Comme d&rsquo;habitude, nous ne traiterons pas l&rsquo;int\u00e9gralit\u00e9 des documents sur tous les nouveaux mod\u00e8les, mais seulement ceux qui nous paraissent les plus int\u00e9ressants ou originaux.<\/font><\/p>\n<hr>\n<h2><font >PEUGEOT 1007 RC \/ 907 \/ Quark \/ 3\u00e8me concours de design<\/font><\/h2>\n<table border=\"3\" cellpadding=\"3\" cellspacing=\"3\">\n<tr>\n<td><img decoding=\"async\" loading=\"lazy\" border=\"0\" src=\"http:\/\/archives-catalogues-automobiles.fr\/wp-content\/uploads\/2016\/09\/A-PEZZ4050.jpg\" width=\"148\" height=\"101\"><\/td>\n<td><img decoding=\"async\" loading=\"lazy\" border=\"0\" src=\"http:\/\/archives-catalogues-automobiles.fr\/wp-content\/uploads\/2016\/09\/A-PEZZ4051.jpg\" width=\"148\" height=\"100\"><\/td>\n<td><img decoding=\"async\" loading=\"lazy\" border=\"0\" src=\"http:\/\/archives-catalogues-automobiles.fr\/wp-content\/uploads\/2016\/09\/A-PEZZ4052.jpg\" width=\"148\" height=\"101\"><\/td>\n<td><img decoding=\"async\" loading=\"lazy\" border=\"0\" src=\"http:\/\/archives-catalogues-automobiles.fr\/wp-content\/uploads\/2016\/09\/A-PEZZ4053.jpg\" width=\"148\" height=\"101\"><\/td>\n<\/tr>\n<tr>\n<td><font  >PEZZ4050<\/font><\/td>\n<td><font >PEZZ4051<\/font><\/td>\n<td><font >PEZZ4052<\/font><\/td>\n<td><font >PEZZ4053<\/font><\/td>\n<\/tr>\n<\/table>\n<p><font  size=\"2\">Comme souvent, Peugeot pr\u00e9sente une profusion de concepts, au point qu&rsquo;il finira par gagner le record europ\u00e9en en la mati\u00e8re ! Tout d&rsquo;abord la 1007 RC, \u00e9volution sportive de ce mod\u00e8le citadin, ensuite la 907, agressive et quelque peu incongrue (on veut copier Ferrari et on se retrouve avec une Viper \u00e0 gros pif), puis la Quark \u00e0 pile \u00e0 combustible, un de ces dangereux quads dont la prolif\u00e9ration est une des nuisances de la circulation urbaine et enfin le 3\u00e8me concours de design, cette fois consacr\u00e9 au futur proche (apr\u00e8s le r\u00e9tro-futurisme et le futur lointain, on se demande ce qu&rsquo;il vont trouver la prochaine fois !).<\/font><\/p>\n<p><a href=\"peucon01.html\"><font  >PAGEPEUGEOT CONCEPT-CARS<\/font><\/a><\/p>\n<hr>\n<h2><font >VENTURI FETISH<\/font><\/h2>\n<table border=\"3\" cellpadding=\"3\" cellspacing=\"3\">\n<tr>\n<td><img decoding=\"async\" loading=\"lazy\" border=\"0\" src=\"http:\/\/archives-catalogues-automobiles.fr\/wp-content\/uploads\/2016\/09\/A-VEFE4002.jpg\" width=\"149\" height=\"105\"><\/td>\n<\/tr>\n<tr>\n<td><font  >VEFE4002<\/font><\/td>\n<\/tr>\n<\/table>\n<p><font size=\"2\" >Enfin le moteur a \u00e9t\u00e9 trouv\u00e9, apr\u00e8s plus de deux ans d&rsquo;attente. Le moteur est&#8230; \u00e9lectrique ! Il semble que les acc\u00e9l\u00e9rations soient correctes (4.5 secondes aux 100 m&rsquo;d\u00e9part arr\u00eat\u00e9), mais la vitesse maximale de 170 km\/h est celle d&rsquo;une Twingo ! Le prix envisag\u00e9, d&rsquo;apr\u00e8s le dossier de presse, est de 540000 euros ! On peut donc lui pr\u00e9dire un brillant succ\u00e8s.<\/font><\/p>\n<p><a href=\"vengam01.html\"><font  >PAGEVENTURI<\/font><\/a><\/p>\n<hr>\n<h2><font size=\"5\" >BMW M5<\/font><\/h2>\n<table border=\"3\" cellpadding=\"3\" cellspacing=\"3\">\n<tr>\n<td><img decoding=\"async\" loading=\"lazy\" border=\"0\" src=\"http:\/\/archives-catalogues-automobiles.fr\/wp-content\/uploads\/2016\/09\/B-BMM54300.jpg\" width=\"204\" height=\"105\"><\/td>\n<\/tr>\n<tr>\n<td><font  >BMM54300<\/font><\/td>\n<\/tr>\n<\/table>\n<p><font size=\"2\" >La BMW M5, offre d&rsquo;un c\u00f4t\u00e9 un joyau m\u00e9canique sous la forme d&rsquo;un V10 de 507 chevaux, et de l&rsquo;autre une carrosserie au style tortur\u00e9 qui divise les plus chauds partisans de la marque \u00e0 l&rsquo;h\u00e9lice.<\/font><\/p>\n<p><a href=\"bmwm503.html\"><font  >PAGEBMW M5<\/font><\/a><\/p>\n<hr>\n<h2><font size=\"5\" >BMW SERIE 6 INDIVIDUAL<\/font><\/h2>\n<table border=\"3\" cellpadding=\"3\" cellspacing=\"3\">\n<tr>\n<td><img decoding=\"async\" loading=\"lazy\" border=\"0\" src=\"http:\/\/archives-catalogues-automobiles.fr\/wp-content\/uploads\/2016\/09\/B-BM614004.jpg\" width=\"203\" height=\"152\"><\/td>\n<\/tr>\n<tr>\n<td><font  >BM614004<\/font><\/td>\n<\/tr>\n<\/table>\n<p><font size=\"2\" >La nouvelle s\u00e9rie 6 est propos\u00e9e dans de superbes teintes et garnitures, et cela fait l&rsquo;objet d&rsquo;un somptueux catalogue \u00e0 couverture rigide.<\/font><\/p>\n<p><a href=\"bmw60101.html\"><font  >PAGEBMW SERIE 6<\/font><\/a><\/p>\n<hr>\n<h2><font size=\"5\" >MAYBACH 57 \/ 62<\/font><\/h2>\n<table border=\"3\" cellpadding=\"3\" cellspacing=\"3\">\n<tr>\n<td><img decoding=\"async\" loading=\"lazy\" border=\"0\" src=\"http:\/\/archives-catalogues-automobiles.fr\/wp-content\/uploads\/2016\/09\/B-MBZZ4007.jpg\" width=\"210\" height=\"150\"><\/td>\n<\/tr>\n<tr>\n<td><font  >MBZZ4002<\/font><\/td>\n<\/tr>\n<\/table>\n<p><font size=\"2\" >Bien que cela ne soit plus tout \u00e0 fait une nouveaut\u00e9, voici la magnifique brochure commerciale d\u00e9finitive de ce mod\u00e8le, laquelle s&rsquo;est longtemps fait d\u00e9sirer !<\/font><\/p>\n<p><a href=\"maygam01.html\"><font  >PAGEMAYBACH<\/font><\/a><\/p>\n<hr>\n<h2><font size=\"5\" >MERCEDES CST VISION B<\/font><\/h2>\n<table border=\"3\" cellpadding=\"3\" cellspacing=\"3\">\n<tr>\n<td><img decoding=\"async\" loading=\"lazy\" border=\"0\" src=\"http:\/\/archives-catalogues-automobiles.fr\/wp-content\/uploads\/2016\/09\/B-MEZZ4010.jpg\" width=\"106\" height=\"75\"><\/td>\n<\/tr>\n<tr>\n<td><font  >MEZZ4010<\/font><\/td>\n<\/tr>\n<\/table>\n<p><font size=\"2\" >Pr\u00e9sent\u00e9 en m\u00eame temps que le Grand Sport Tourer Vision R (qui annonce la future classe R), voici la Compact Sport Tourer Vision B (qui annonce la future classe B). Pour aider les clients \u00e0 s&rsquo;y retrouver, ces deux concepts ont une ligne assez voisine, et sont peints dans le m\u00eame gris m\u00e9tallis\u00e9 !<\/font><\/p>\n<p><a href=\"mercon01.html\"><font  >PAGEMERCEDES CONCEPTS<\/font><\/a><\/p>\n<hr>\n<h2><font size=\"5\" >OPEL ASTRA HIGH PERFORMANCE CONCEPT<\/font><\/h2>\n<table border=\"3\" cellpadding=\"3\" cellspacing=\"3\">\n<tr>\n<td><img decoding=\"async\" loading=\"lazy\" border=\"0\" src=\"http:\/\/archives-catalogues-automobiles.fr\/wp-content\/uploads\/2016\/09\/B-OPZZ4012.jpg\" width=\"186\" height=\"148\"><\/td>\n<\/tr>\n<tr>\n<td><font  >OPZZ4012<\/font><\/td>\n<\/tr>\n<\/table>\n<p><font size=\"2\" >A c\u00f4t\u00e9 de la nouvelle Astra GTC (Celle qui a un grand pare-brise), Opel propose l&rsquo;Astra HPC (La version Tuning avec une belle peinture rouge, des feux avant avant et arri\u00e8re chrom\u00e9s, des roues 19 pouces et de magnifiques si\u00e8ges Recaro en cuir rouge&#8230;).<\/font><\/p>\n<p><a href=\"opecon01.html\"><font  >PAGEOPEL CONCEPTS<\/font><\/a><\/p>\n<hr>\n<h2><font size=\"5\" >PORSCHE 911 type 996 &amp; 997<\/font><\/h2>\n<table border=\"3\" cellpadding=\"3\" cellspacing=\"3\">\n<tr>\n<td><img decoding=\"async\" loading=\"lazy\" border=\"0\" src=\"http:\/\/archives-catalogues-automobiles.fr\/wp-content\/uploads\/2016\/09\/B-PO114412.jpg\" width=\"110\" height=\"148\"><\/td>\n<td><img decoding=\"async\" loading=\"lazy\" border=\"0\" src=\"http:\/\/archives-catalogues-automobiles.fr\/wp-content\/uploads\/2016\/09\/B-PO114413.jpg\" width=\"109\" height=\"150\"><\/td>\n<td><img decoding=\"async\" loading=\"lazy\" border=\"0\" src=\"http:\/\/archives-catalogues-automobiles.fr\/wp-content\/uploads\/2016\/09\/B-PO114414.jpg\" width=\"110\" height=\"148\"><\/td>\n<td><img decoding=\"async\" loading=\"lazy\" border=\"0\" src=\"http:\/\/archives-catalogues-automobiles.fr\/wp-content\/uploads\/2016\/09\/B-PO114415.jpg\" width=\"110\" height=\"148\"><\/td>\n<\/tr>\n<tr>\n<td><font  >PO114412<\/font><\/td>\n<td><font  >PO114413<\/font><\/td>\n<td><font  >PO114414<\/font><\/td>\n<td><font  >PO114415<\/font><\/td>\n<\/tr>\n<tr>\n<td><img decoding=\"async\" loading=\"lazy\" border=\"0\" src=\"http:\/\/archives-catalogues-automobiles.fr\/wp-content\/uploads\/2016\/09\/B-PO114602.jpg\" width=\"110\" height=\"147\"><\/td>\n<td>&nbsp;<\/td>\n<td>&nbsp;<\/td>\n<td>&nbsp;<\/td>\n<\/tr>\n<tr>\n<td><font  >PO114602<\/font><\/td>\n<td>&nbsp;<\/td>\n<td>&nbsp;<\/td>\n<td>&nbsp;<\/td>\n<\/tr>\n<\/table>\n<p><font size=\"2\" >Les catalogues Porsche 911 font coexister les types 996 (les plus r\u00e9pandus avec notamment GT2, GT3, Turbo et Cabriolet) et 997 (la petite derni\u00e8re aux phares ronds).<\/font><\/p>\n<p><a href=\"por91103.html\"><font  >PAGEPORSCHE 911 996<\/font><\/a><\/p>\n<p><a href=\"por91105.html\"><font  >PAGEPORSCHE 911 997<\/font><\/a><\/p>\n<hr>\n<h2><font size=\"5\" >CADILLAC STS<\/font><\/h2>\n<table border=\"3\" cellpadding=\"3\" cellspacing=\"3\">\n<tr>\n<td><img decoding=\"async\" loading=\"lazy\" border=\"0\" src=\"http:\/\/archives-catalogues-automobiles.fr\/wp-content\/uploads\/2016\/09\/E-CAST4000.jpg\" width=\"152\" height=\"155\"><\/td>\n<\/tr>\n<tr>\n<td><font  >CAST4000<\/font><\/td>\n<\/tr>\n<\/table>\n<p><font size=\"2\" >Les lignes rigides de la STS ne nous feront pas oublier la derni\u00e8re S\u00e9ville qu&rsquo;elle remplace.<\/font><\/p>\n<p><a href=\"cadsev01.html\"><font  >PAGECADILLAC SEVILLE \/ STS<\/font><\/a><\/p>\n<hr>\n<h2><font size=\"5\" >BENTLEY ARNAGE<\/font><\/h2>\n<table border=\"3\" cellpadding=\"3\" cellspacing=\"3\">\n<tr>\n<td><img decoding=\"async\" loading=\"lazy\" border=\"0\" src=\"http:\/\/archives-catalogues-automobiles.fr\/wp-content\/uploads\/2016\/09\/F-BEZZ4041.jpg\" width=\"199\" height=\"152\"><\/td>\n<\/tr>\n<tr>\n<td><font  >BEZZ4041<\/font><\/td>\n<\/tr>\n<\/table>\n<p><font size=\"2\" >La Bentley Arnage, apr\u00e8s son dernier face-lift, fait l&rsquo;objet d&rsquo;un catalogue qui compte parmi les plus les somptueux de la production actuelle : sous coffret cartonn\u00e9 et couverture rigide, il pr\u00e9sente l&rsquo;ensemble des versions T, R et RL et les finitions sur demande Mulliner.<\/font><\/p>\n<p><a href=\"benmod01.html\"><font  >PAGEBENTLEY ARNAGE<\/font><\/a><\/p>\n<hr>\n<h2><font size=\"5\" >FERRARI F430<\/font><\/h2>\n<table border=\"3\" cellpadding=\"3\" cellspacing=\"3\">\n<tr>\n<td><img decoding=\"async\" loading=\"lazy\" border=\"0\" src=\"http:\/\/archives-catalogues-automobiles.fr\/wp-content\/uploads\/2016\/09\/G-FE434000.jpg\" width=\"146\" height=\"210\"><\/td>\n<td><img decoding=\"async\" loading=\"lazy\" border=\"0\" src=\"http:\/\/archives-catalogues-automobiles.fr\/wp-content\/uploads\/2016\/09\/G-FE434001.jpg\" width=\"149\" height=\"148\"><\/td>\n<\/tr>\n<tr>\n<td><font  >FE434000<\/font><\/td>\n<td><font  >FE434001<\/font><\/td>\n<\/tr>\n<\/table>\n<p><font size=\"2\" >La F430 est bas\u00e9e sur la 360 Modena, mais, pour r\u00e9pondre aux Gallardo et autres 911 Turbo, elle d\u00e9veloppe maintenant 490 chevaux, et re\u00e7oit de nombreux appendices a\u00e9rodynamiques.<\/font><\/p>\n<p><a href=\"fer36001.html\"><font  >PAGEFERRARI MODENA \/ F430<\/font><\/a><\/p>\n<hr>\n<h2><font size=\"5\" >MASERATI<\/font><\/h2>\n<table border=\"3\" cellpadding=\"3\" cellspacing=\"3\">\n<tr>\n<td><img decoding=\"async\" loading=\"lazy\" border=\"0\" src=\"http:\/\/archives-catalogues-automobiles.fr\/wp-content\/uploads\/2016\/09\/G-MS004024.jpg\" width=\"198\" height=\"135\"><\/td>\n<td><img decoding=\"async\" loading=\"lazy\" border=\"0\" src=\"http:\/\/archives-catalogues-automobiles.fr\/wp-content\/uploads\/2016\/09\/G-MS004025.jpg\" width=\"192\" height=\"135\"><\/td>\n<td><img decoding=\"async\" loading=\"lazy\" border=\"0\" src=\"http:\/\/archives-catalogues-automobiles.fr\/wp-content\/uploads\/2016\/09\/G-MS324022.jpg\" width=\"194\" height=\"134\"><\/td>\n<\/tr>\n<tr>\n<td><font  >MS004024<\/font><\/td>\n<td><font  >MS004025<\/font><\/td>\n<td><font  >MS324022<\/font><\/td>\n<\/tr>\n<\/table>\n<p><font size=\"2\" >Maserati commence \u00e0 vendre ses rares MC12 et, pour f\u00eater ses 90 ans, propose un Spider en s\u00e9rie limit\u00e9e.<\/font><\/p>\n<p><a href=\"masgam02.html\"><font  >PAGEMASERATI GAMME<\/font><\/a><\/p>\n<p><a href=\"mas32001.html\"><font  >PAGEMASERATI COUPE\/SPYDER<\/font><\/a><\/p>\n<hr>\n<h2><font size=\"5\" >PININFARINA NIDO \/ DOUBLE FACE<\/font><\/h2>\n<table border=\"3\" cellpadding=\"3\" cellspacing=\"3\">\n<tr>\n<td><img decoding=\"async\" loading=\"lazy\" border=\"0\" src=\"http:\/\/archives-catalogues-automobiles.fr\/wp-content\/uploads\/2016\/09\/G-PIZZ4025.jpg\" width=\"148\" height=\"209\"><\/td>\n<td><img decoding=\"async\" loading=\"lazy\" border=\"0\" src=\"http:\/\/archives-catalogues-automobiles.fr\/wp-content\/uploads\/2016\/09\/G-PIZZ4026.jpg\" width=\"148\" height=\"210\"><\/td>\n<\/tr>\n<tr>\n<td><font  >PIZZ4025<\/font><\/td>\n<td><font  >PIZZ4026<\/font><\/td>\n<\/tr>\n<\/table>\n<p><font size=\"2\" >Pininfarina, qui a r\u00e9cemment absorb\u00e9 le bureau d&rsquo;\u00e9tudes de Matra, propose, gr\u00e2ce \u00e0 celui-ci, la Double Face, qui permet de cr\u00e9er plusieurs mod\u00e8les sur une m\u00eame structure (qui va au-del\u00e0 de la simple plate-forme). La Nido est un concept de voiture urbaine qui prot\u00e8gle \u00e0 l&rsquo;extr\u00eame ses occupants.<\/font><\/p>\n<p><a href=\"pingam01.html\"><font  >PAGEPININFARINA<\/font><\/a><\/p>\n<hr>\n<h2><font size=\"5\" >LEXUS LF-C<\/font><\/h2>\n<table border=\"3\" cellpadding=\"3\" cellspacing=\"3\">\n<tr>\n<td><img decoding=\"async\" loading=\"lazy\" border=\"0\" src=\"http:\/\/archives-catalogues-automobiles.fr\/wp-content\/uploads\/2016\/09\/H-LEZZ4001.jpg\" width=\"184\" height=\"84\"><\/td>\n<\/tr>\n<tr>\n<td><font  >LEZZ4001<\/font><\/td>\n<\/tr>\n<\/table>\n<p><font size=\"2\" >Les lignes nettes et dynamiques de la LF-C annonce un nouveau style chez Lexus.<\/font><\/p>\n<p><a href=\"lexcon01.html\"><font  >PAGELEXUS CONCEPTS<\/font><\/a><\/p>\n<hr>\n<h2><font size=\"5\" >NISSAN 350 Z ROADSTER<\/font><\/h2>\n<table border=\"3\" cellpadding=\"3\" cellspacing=\"3\">\n<tr>\n<td><img decoding=\"async\" loading=\"lazy\" border=\"0\" src=\"http:\/\/archives-catalogues-automobiles.fr\/wp-content\/uploads\/2016\/09\/H-NIZ54004.jpg\" width=\"126\" height=\"125\"><\/td>\n<\/tr>\n<tr>\n<td><font >NIZ5<\/font><font  >4000<\/font><\/td>\n<\/tr>\n<\/table>\n<p><font size=\"2\" >Pr\u00e8s d&rsquo;un an apr\u00e8s sa pr\u00e9sentation aux USA, la 350 Z arrive enfin chez nous en version roadster.<\/font><\/p>\n<p><a href=\"nis3zx01.html\"><font  >PAGENISSAN 350 Z<\/font><\/a><\/p>\n<hr>\n<h2><font size=\"5\" >HEULIEZ-DASSAULT CLEANOVA<\/font><\/h2>\n<table border=\"3\" cellpadding=\"3\" cellspacing=\"3\">\n<tr>\n<td><img decoding=\"async\" loading=\"lazy\" border=\"0\" src=\"http:\/\/archives-catalogues-automobiles.fr\/wp-content\/uploads\/2016\/09\/Q-0HEU4028.jpg\" width=\"209\" height=\"148\"><\/td>\n<td><img decoding=\"async\" loading=\"lazy\" border=\"0\" src=\"http:\/\/archives-catalogues-automobiles.fr\/wp-content\/uploads\/2016\/09\/Q-0HEU4029.jpg\" width=\"209\" height=\"148\"><\/td>\n<\/tr>\n<tr>\n<td><font >0HEU4028<\/font><\/td>\n<td><font >0HEU4029<\/font><\/td>\n<\/tr>\n<\/table>\n<p><font size=\"2\" >Dassault (et bient\u00f4t Bollor\u00e9) veulent s&rsquo;ajouter \u00e0 la liste des constructeurs d&rsquo;automobiles fran\u00e7ais, par le biais des v\u00e9hicules \u00e9lectriques.<\/font><\/p>\n<p><a href=\"0heu0001.html\"><font  >PAGEHEULIEZ<\/font><\/a><\/p>\n<hr>\n<h2><font size=\"5\" >ORANGE SEQUANA<\/font><\/h2>\n<table border=\"3\" cellpadding=\"3\" cellspacing=\"3\">\n<tr>\n<td><img decoding=\"async\" loading=\"lazy\" border=\"0\" src=\"http:\/\/archives-catalogues-automobiles.fr\/wp-content\/uploads\/2016\/09\/Q-0ORA4000.jpg\" width=\"148\" height=\"209\"><\/td>\n<td><img decoding=\"async\" loading=\"lazy\" border=\"0\" src=\"http:\/\/archives-catalogues-automobiles.fr\/wp-content\/uploads\/2016\/09\/Q-0ORA4001.jpg\" width=\"148\" height=\"104\"><\/td>\n<\/tr>\n<tr>\n<td><font >0ORA4000<\/font><\/td>\n<td><font >0ORA4001<\/font><\/td>\n<\/tr>\n<\/table>\n<p><font size=\"2\" >L op\u00e9rateur de t\u00e9l\u00e9phonie a rebaptis\u00e9 (et repeint) le concept Madness Design Sequana (bas\u00e9 sur l&rsquo;Opel Speedster) pour appuyer sa communication.<\/font><\/p>\n<p><a href=\"0ora0001.html\"><font  >PAGEORANGE<\/font><\/a><\/p>\n<hr>\n<h2><font size=\"5\" >PGO SPEEDSTER II \/ 180 CEVENNES<\/font><\/h2>\n<table border=\"3\" cellpadding=\"3\" cellspacing=\"3\">\n<tr>\n<td><img decoding=\"async\" loading=\"lazy\" border=\"0\" src=\"http:\/\/archives-catalogues-automobiles.fr\/wp-content\/uploads\/2016\/09\/Q-0PGO4007.jpg\" width=\"207\" height=\"142\"><\/td>\n<td><img decoding=\"async\" loading=\"lazy\" border=\"0\" src=\"http:\/\/archives-catalogues-automobiles.fr\/wp-content\/uploads\/2016\/09\/Q-0PGO4008.jpg\" width=\"69\" height=\"141\"><\/td>\n<\/tr>\n<tr>\n<td><font >0PGO4007<\/font><\/td>\n<td><font >0PGO4008<\/font><\/td>\n<\/tr>\n<\/table>\n<p><font size=\"2\" >PGO, qui n&rsquo;a plus le droit d&rsquo;utiliser la moindre r\u00e9f\u00e9rence \u00e0 Porsche, a r\u00e9organis\u00e9 sa gamme autour des m\u00e9caniques Peugeot : Speedster II avec le moteur de la 206 16V, et la nouvelle 180 Cevennes avec celui de la 206 RC.<\/font><\/p>\n<p><a href=\"0pgo0001.html\"><font  >PAGEPGO<\/font><\/a><\/p>\n<hr>\n<h2><font size=\"5\" >SIVAX XTILE<\/font><\/h2>\n<table border=\"3\" cellpadding=\"3\" cellspacing=\"3\">\n<tr>\n<td><img decoding=\"async\" loading=\"lazy\" border=\"0\" src=\"http:\/\/archives-catalogues-automobiles.fr\/wp-content\/uploads\/2016\/09\/R-8SIV4001.jpg\" width=\"142\" height=\"140\"><\/td>\n<\/tr>\n<tr>\n<td><font >8SIV<\/font><font  >4001<\/font><\/td>\n<\/tr>\n<\/table>\n<p><font size=\"2\" >Apr\u00e8s la Kira il y a deux ans, Sivax pr\u00e9sente la Xtile, au style saisissant de simplicit\u00e9 et d&rsquo;agressivit\u00e9.<\/font><\/p>\n<p><a href=\"8siv0001.html\"><font  >PAGESIVAX<\/font><\/a><\/p>\n<hr>\n<h2><font size=\"5\" >LARAKI FULGURA<\/font><\/h2>\n<table border=\"3\" cellpadding=\"3\" cellspacing=\"3\">\n<tr>\n<td><img decoding=\"async\" loading=\"lazy\" border=\"0\" src=\"http:\/\/archives-catalogues-automobiles.fr\/wp-content\/uploads\/2016\/09\/R-9LAR4003.jpg\" width=\"141\" height=\"196\"><\/td>\n<td><img decoding=\"async\" loading=\"lazy\" border=\"0\" src=\"http:\/\/archives-catalogues-automobiles.fr\/wp-content\/uploads\/2016\/09\/R-9LAR4004.jpg\" width=\"197\" height=\"142\"><\/td>\n<\/tr>\n<tr>\n<td><font >9LAR4003<\/font><\/td>\n<td><font >9LAR4004<\/font><\/td>\n<\/tr>\n<\/table>\n<p><font size=\"2\" >Laraki, apr\u00e8s avoir pr\u00e9sent\u00e9 des prototypes, semble en mesure de d\u00e9marrer une commercialisation de la Fulgura au d\u00e9but de l&rsquo;ann\u00e9e prochaine.<\/font><\/p>\n<p><a href=\"9lar0001.html\"><font  >PAGELARAKI<\/font><\/a><\/p>\n<p>&nbsp;<\/p>\n","protected":false},"excerpt":{"rendered":"<div class=\"mh-excerpt\"><p>NOUVEAUTES SALON DE PARIS 2004 Pour plus de d\u00e9tails sur les brochures et documents pr\u00e9sent\u00e9s, suivez le lien sous chaque <a class=\"mh-excerpt-more\" href=\"https:\/\/archives-catalogues-automobiles.fr\/index.php\/2016\/06\/30\/catalogues-nouveaux-mondial-paris-2004\/\" title=\"NOUVEAUX MONDIAL PARIS 2004\">[&#8230;]<\/a><\/p>\n<\/div>","protected":false},"author":1,"featured_media":0,"comment_status":"closed","ping_status":"closed","sticky":false,"template":"","format":"standard","meta":[],"categories":[753,15],"tags":[],"acf":[],"_links":{"self":[{"href":"https:\/\/archives-catalogues-automobiles.fr\/index.php\/wp-json\/wp\/v2\/posts\/3170"}],"collection":[{"href":"https:\/\/archives-catalogues-automobiles.fr\/index.php\/wp-json\/wp\/v2\/posts"}],"about":[{"href":"https:\/\/archives-catalogues-automobiles.fr\/index.php\/wp-json\/wp\/v2\/types\/post"}],"author":[{"embeddable":true,"href":"https:\/\/archives-catalogues-automobiles.fr\/index.php\/wp-json\/wp\/v2\/users\/1"}],"replies":[{"embeddable":true,"href":"https:\/\/archives-catalogues-automobiles.fr\/index.php\/wp-json\/wp\/v2\/comments?post=3170"}],"version-history":[{"count":0,"href":"https:\/\/archives-catalogues-automobiles.fr\/index.php\/wp-json\/wp\/v2\/posts\/3170\/revisions"}],"wp:attachment":[{"href":"https:\/\/archives-catalogues-automobiles.fr\/index.php\/wp-json\/wp\/v2\/media?parent=3170"}],"wp:term":[{"taxonomy":"category","embeddable":true,"href":"https:\/\/archives-catalogues-automobiles.fr\/index.php\/wp-json\/wp\/v2\/categories?post=3170"},{"taxonomy":"post_tag","embeddable":true,"href":"https:\/\/archives-catalogues-automobiles.fr\/index.php\/wp-json\/wp\/v2\/tags?post=3170"}],"curies":[{"name":"wp","href":"https:\/\/api.w.org\/{rel}","templated":true}]}}