{"id":3164,"date":"2016-06-30T16:43:23","date_gmt":"2016-06-30T16:43:23","guid":{"rendered":"http:\/\/localhost\/laurent_bunnik\/?p=1269"},"modified":"2016-08-04T13:37:48","modified_gmt":"2016-08-04T11:37:48","slug":"catalogues-nouveaux-mondial-paris-2002-2","status":"publish","type":"post","link":"https:\/\/archives-catalogues-automobiles.fr\/index.php\/2016\/06\/30\/catalogues-nouveaux-mondial-paris-2002-2\/","title":{"rendered":"NOUVEAUX MONDIAL PARIS 2002"},"content":{"rendered":"<div align=\"center\"><center><\/p>\n<table border=\"3\" cellpadding=\"3\" cellspacing=\"3\">\n<tr>\n<td>\n<h1><font >NOUVEAUTES SALON DE  PARIS 2002<\/font><\/h1>\n<\/td>\n<\/tr>\n<\/table>\n<p><\/center><\/div>\n<div align=\"center\"><center><\/p>\n<table border=\"3\" cellpadding=\"3\" cellspacing=\"3\"bgcolor=\"#FFFFFF\">\n<tr>\n<td><font  >Pour plus de        d\u00e9tails sur les brochures et documents pr\u00e9sent\u00e9s,        suivez le lien sous chaque mod\u00e8le.<br \/>\n        <\/font><font size=\"2\" ><em>For more        details on the presented documents, follow the link under        each model<br \/>\n        F\u00fcr mehr Information auf die presentierte Prospekte,        folgen Sie das Link unter jedes Modell<\/em><\/font><\/td>\n<\/tr>\n<\/table>\n<p><\/center><\/div>\n<p><font  >Dans ce salon riche ennouveaut\u00e9s, nous ne pr\u00e9senterons pas tous les documents sur lesnouveaux mod\u00e8les, mais seulement ceux qui nous paraissent lesplus int\u00e9ressants ou originaux.<\/font><\/p>\n<p><font  >Quant aux autres mod\u00e8les,vous les retrouverez dans prochaines semaines et prochains moisdans leurs pages respectives. Citons pour m\u00e9moire : Citro\u00ebnBerlingo et C3 Pluriel, Peugeot Partner, Renault Megane etEspace, Audi A8, BMW Z4, Mercedes S&rsquo;et CL, Opel Meriva, PorscheCayenne, VW Touareg, Fiat Stilo SW, Lancia Thesis, Saab 9.3,Honda Accord, Nissan Micra, Subaru Impreza, Toyota LandCruiser&#8230;<\/font><\/p>\n<hr>\n<h2><font >CITROEN C-AIRDREAM<\/font><\/h2>\n<table border=\"3\" cellpadding=\"3\" cellspacing=\"3\">\n<tr>\n<td><img decoding=\"async\" loading=\"lazy\" src=\"http:\/\/archives-catalogues-automobiles.fr\/wp-content\/uploads\/2016\/09\/A-CIZZ4008.jpg\" width=\"210\" height=\"149\"><\/td>\n<\/tr>\n<tr>\n<td><font  >CIZZ4008<\/font><\/td>\n<\/tr>\n<\/table>\n<p><font size=\"2\" >Certains y voient lar\u00e9surrection de la SM. Mais ce coup\u00e9, motoris\u00e9 par le V6 de210 ch (seulement !) n&rsquo;est pas tout \u00e0 fait \u00e0 la hauteur dumythe. L&rsquo;arri\u00e8re appara\u00eet ainsi inutilement tortur\u00e9. Maisl habitacle est remarquablement lumineux et les phares avantdirectionnels rappellent son illustre a\u00een\u00e9e.<\/font><\/p>\n<p><font size=\"2\" >A noter que le document esten r\u00e9alit\u00e9 brun m\u00e9tallis\u00e9, mais mon scanner ne rend pas cettecouleur !<\/font><\/p>\n<p><a href=\"citcon01.html\"><font  >PAGECITROEN CONCEPT-CARS<\/font><\/a><\/p>\n<hr>\n<h2><font size=\"5\" >MATRA M72<\/font><\/h2>\n<table border=\"3\" cellpadding=\"3\" cellspacing=\"3\">\n<tr>\n<td><img decoding=\"async\" loading=\"lazy\" src=\"http:\/\/archives-catalogues-automobiles.fr\/wp-content\/uploads\/2016\/09\/A-MA724000.jpg\" width=\"105\" height=\"74\"><\/td>\n<\/tr>\n<tr>\n<td><font  >MA724000<\/font><\/td>\n<\/tr>\n<\/table>\n<p><font size=\"2\" >La M72 doit permettre \u00e0Matra de faire face \u00e0 la disparition de l&rsquo;Espace des sescha\u00eenes de production. Autant dire que ce n&rsquo;est pas gagn\u00e9.M\u00eame si le concept est int\u00e9ressant et le v\u00e9hicule aussisympathique que bien r\u00e9alis\u00e9, il va \u00eatre difficile ded\u00e9fricher un nouveau cr\u00e9neau de march\u00e9.<\/font><\/p>\n<p><a href=\"matm7201.html\"><font  >PAGEMATRA M72<\/font><\/a><\/p>\n<hr>\n<h2><font size=\"5\" >PEUGEOT 206 RC<\/font><\/h2>\n<table border=\"3\" cellpadding=\"3\" cellspacing=\"3\">\n<tr>\n<td><img decoding=\"async\" loading=\"lazy\" src=\"http:\/\/archives-catalogues-automobiles.fr\/wp-content\/uploads\/2016\/09\/A-PE264007.jpg\" width=\"210\" height=\"153\"><\/td>\n<\/tr>\n<tr>\n<td><font  >PE264007<\/font><\/td>\n<\/tr>\n<\/table>\n<p><font size=\"2\" >La 206 RC est en fait ladigne h\u00e9riti\u00e8re de la 205 GTI. Sous un look agressif mais quireste discret, la puissance a s\u00e9rieusement augment\u00e9 depuis lesann\u00e9es 80. Elle atteint aujourd hui 177 ch.<\/font><\/p>\n<p><a href=\"peu206c1.html\"><font  >PAGEPEUGEOT 206 CC \/ RC<\/font><\/a><\/p>\n<hr>\n<h2><font >PEUGEOT 307 CC CONCEPT<\/font><\/h2>\n<table border=\"3\" cellpadding=\"3\" cellspacing=\"3\">\n<tr>\n<td><img decoding=\"async\" loading=\"lazy\" border=\"0\" src=\"http:\/\/archives-catalogues-automobiles.fr\/wp-content\/uploads\/2016\/09\/AA-PEZZ4036.jpg\" width=\"210\" height=\"153\"><\/td>\n<\/tr>\n<tr>\n<td><font  >PEZZ4036<\/font><\/td>\n<\/tr>\n<\/table>\n<p><font size=\"2\" >Apr\u00e8s la r\u00e9ussitespectaculaire de la 206 cc, Peugeot r\u00e9\u00e9dite la formule sur labase de la 307, en version 4 places.<\/font><\/p>\n<p><a href=\"peucon01.html\"><font  >PAGEPEUGEOT CONCEPT-CARS<\/font><\/a><\/p>\n<hr>\n<h2><font >PEUGEOT 607 PESCAROLO<\/font><\/h2>\n<table border=\"3\" cellpadding=\"3\" cellspacing=\"3\">\n<tr>\n<td><img decoding=\"async\" loading=\"lazy\" border=\"0\" src=\"http:\/\/archives-catalogues-automobiles.fr\/wp-content\/uploads\/2016\/09\/AA-PEZZ4037.jpg\" width=\"210\" height=\"153\"><\/td>\n<\/tr>\n<tr>\n<td><font  >PEZZ4037<\/font><\/td>\n<\/tr>\n<\/table>\n<p><font size=\"2\" >La 607, d\u00e9j\u00e0 tr\u00e8s fluideet rac\u00e9e, est \u00e9largie, dot\u00e9e de roues de grand diam\u00e8tre etencore affin\u00e9e. Sa motorisation, assez myst\u00e9rieuse, pourrait\u00eatre d\u00e9riv\u00e9e de la C60 Pescarolo, soit 400 ch \u00e0 disposition !<\/font><\/p>\n<p><a href=\"peucon01.html\"><font  >PAGEPEUGEOT CONCEPT-CARS<\/font><\/a><\/p>\n<hr>\n<h2><font >PEUGEOT SESAME<\/font><\/h2>\n<table border=\"3\" cellpadding=\"3\" cellspacing=\"3\">\n<tr>\n<td><img decoding=\"async\" loading=\"lazy\" border=\"0\" src=\"http:\/\/archives-catalogues-automobiles.fr\/wp-content\/uploads\/2016\/09\/AA-PEZZ4038.jpg\" width=\"210\" height=\"153\"><\/td>\n<\/tr>\n<tr>\n<td><font  >PEZZ4038<\/font><\/td>\n<\/tr>\n<\/table>\n<p><font size=\"2\" >Le nom de la S\u00e9same \u00e9voquela caverne d&rsquo;Ali-Baba et ses merveilles&#8230; en fait il s&rsquo;agitd annoncer la future 107 et ses pratiques mais vilainesporti\u00e8res dont les poign\u00e9es semblent issues de chezFichet-Bauche.<\/font><\/p>\n<p><a href=\"peucon01.html\"><font  >PAGEPEUGEOT CONCEPT-CARS<\/font><\/a><\/p>\n<hr>\n<h2><font >PEUGEOT H2O<\/font><\/h2>\n<table border=\"3\" cellpadding=\"3\" cellspacing=\"3\">\n<tr>\n<td><img decoding=\"async\" loading=\"lazy\" border=\"0\" src=\"http:\/\/archives-catalogues-automobiles.fr\/wp-content\/uploads\/2016\/09\/AA-PEZZ4039.jpg\" width=\"210\" height=\"153\"><\/td>\n<\/tr>\n<tr>\n<td><font  >PEZZ4039<\/font><\/td>\n<\/tr>\n<\/table>\n<p><font size=\"2\" >Ce v\u00e9hicule illustre uneapplication pratique de la pile \u00e0 combustible et illustre lestendances esth\u00e9tiques des futures Peugeot. Alors pourquoi unv\u00e9hicule de pompiers ? C&rsquo;est bien simple : la pile \u00e0combustible, aliment\u00e9e en hydrog\u00e8ne et oxyg\u00e8ne, rejette del eau au lieu de gaz d&rsquo;\u00e9chappement. Quoi de plus naturel qued utiliser cette eau pour \u00e9teindre les incendies ?<\/font><\/p>\n<p><a href=\"peucon01.html\"><font  >PAGEPEUGEOT CONCEPT-CARS<\/font><\/a><\/p>\n<hr>\n<h2><font >RENAULT SPORT CLIO JEAN RAGNOTTI<\/font><\/h2>\n<table border=\"3\" cellpadding=\"3\" cellspacing=\"3\">\n<tr>\n<td><img decoding=\"async\" loading=\"lazy\" border=\"0\" src=\"http:\/\/archives-catalogues-automobiles.fr\/wp-content\/uploads\/2016\/09\/AA-REC24017.jpg\" width=\"153\" height=\"190\"><\/td>\n<\/tr>\n<tr>\n<td><font  >REC24017<\/font><\/td>\n<\/tr>\n<\/table>\n<p><font size=\"2\" >Portant le nom d&rsquo;unc\u00e9l\u00e8bre pilote de rallye, cette version d\u00e9riv\u00e9e de la Clio RSest s\u00e9rieusement all\u00e9g\u00e9e (d o\u00f9 l&rsquo;image d&rsquo;athl\u00e8te sautant encouverture du d\u00e9pliant).<\/font><\/p>\n<p><a href=\"rencl2s1.html\"><font  >PAGERENAULT CLIO SPORT \/ V6<\/font><\/a><\/p>\n<hr>\n<h2><font >RENAULT SPORT CLIO V6<\/font><\/h2>\n<table border=\"3\" cellpadding=\"3\" cellspacing=\"3\">\n<tr>\n<td><img decoding=\"async\" loading=\"lazy\" border=\"0\" src=\"http:\/\/archives-catalogues-automobiles.fr\/wp-content\/uploads\/2016\/09\/AA-REC24018.jpg\" width=\"153\" height=\"190\"><\/td>\n<\/tr>\n<tr>\n<td><font  >REC24018<\/font><\/td>\n<\/tr>\n<\/table>\n<p><font size=\"2\" >Enfin dot\u00e9e de la nouvellecarrosserie, la Clio V6 gagne \u00e9galement en puissance et enqualit\u00e9 de finition&#8230; ce qui paraissait indispensable vu lesd\u00e9ceptions apport\u00e9e par la pr\u00e9c\u00e9dente mouture.<\/font><\/p>\n<p><a href=\"rencl2s1.html\"><font  >PAGERENAULT CLIO SPORT \/ V6<\/font><\/a><\/p>\n<hr>\n<h2><font >VENTURI FETISH<\/font><\/h2>\n<table border=\"3\" cellpadding=\"3\" cellspacing=\"3\">\n<tr>\n<td><img decoding=\"async\" loading=\"lazy\" src=\"http:\/\/archives-catalogues-automobiles.fr\/wp-content\/uploads\/2016\/09\/A-VEFE4001.jpg\" width=\"149\" height=\"105\"><\/td>\n<\/tr>\n<tr>\n<td><font  >VEFE4001<\/font><\/td>\n<\/tr>\n<\/table>\n<p><font size=\"2\" >Le suspense Venturicontinue&#8230; qui fournira le moteur ? Renault Sport semble bienavanc\u00e9.<\/font><\/p>\n<p><a href=\"vengam01.html\"><font  >PAGEVENTURI<\/font><\/a><\/p>\n<hr>\n<h2><font size=\"5\" >BMW Z4<\/font><\/h2>\n<table border=\"3\" cellpadding=\"3\" cellspacing=\"3\">\n<tr>\n<td><img decoding=\"async\" loading=\"lazy\" src=\"http:\/\/archives-catalogues-automobiles.fr\/wp-content\/uploads\/2016\/09\/B-BMZ44000.jpg\" width=\"203\" height=\"105\"><\/td>\n<\/tr>\n<tr>\n<td><font  >BMZ44000<\/font><\/td>\n<\/tr>\n<\/table>\n<p><font >La nouvelle BMW Z4 renouvelle lestyle BMW (Des formes incisives \u00e0 l&rsquo;oppos\u00e9 des rondeurs de las\u00e9rie 7) et devient plus exclusive que la Z3 : une finition plusqualitative, l&rsquo;abandon des moteurs quatre cylindres&#8230; personnene regrettera le changement.<\/font><\/p>\n<p><a href=\"bmwz4001.html\"><font  >PAGEBMW Z4<\/font><\/a><\/p>\n<hr>\n<h2><font size=\"5\" >MAYBACH 57 \/ 62<\/font><\/h2>\n<table border=\"3\" cellpadding=\"3\" cellspacing=\"3\">\n<tr>\n<td><img decoding=\"async\" loading=\"lazy\" src=\"http:\/\/archives-catalogues-automobiles.fr\/wp-content\/uploads\/2016\/09\/B-MBZZ4002.jpg\" width=\"153\" height=\"210\"><\/td>\n<td><img decoding=\"async\" loading=\"lazy\" src=\"http:\/\/archives-catalogues-automobiles.fr\/wp-content\/uploads\/2016\/09\/B-MBZZ4004.jpg\" width=\"210\" height=\"153\"><\/td>\n<td><img decoding=\"async\" loading=\"lazy\" src=\"http:\/\/archives-catalogues-automobiles.fr\/wp-content\/uploads\/2016\/09\/B-MBZZ4003.jpg\" width=\"103\" height=\"74\"><\/td>\n<\/tr>\n<tr>\n<td><font  >MBZZ4002<\/font><\/td>\n<td><font  >MBZZ4004<\/font><\/td>\n<td><font  >MBZZ4003<\/font><\/td>\n<\/tr>\n<\/table>\n<p><font size=\"2\" >Les versions d\u00e9finitivesdes Maybach sont enfin pr\u00e9sent\u00e9es : la 57 (empattement normal)et la 67 (empattement allong\u00e9). Kolossal !<\/font><\/p>\n<p><a href=\"maygam01.html\"><font  >PAGEMAYBACH<\/font><\/a><\/p>\n<hr>\n<h2><font size=\"5\" >SMART ROADSTER \/ COUPE<\/font><\/h2>\n<table border=\"3\" cellpadding=\"3\" cellspacing=\"3\">\n<tr>\n<td><img decoding=\"async\" loading=\"lazy\" src=\"http:\/\/archives-catalogues-automobiles.fr\/wp-content\/uploads\/2016\/09\/B-SMRO4000.jpg\" width=\"137\" height=\"104\"><\/td>\n<td><img decoding=\"async\" loading=\"lazy\" src=\"http:\/\/archives-catalogues-automobiles.fr\/wp-content\/uploads\/2016\/09\/B-SMRO4001.jpg\" width=\"103\" height=\"74\"><\/td>\n<td><img decoding=\"async\" loading=\"lazy\" src=\"http:\/\/archives-catalogues-automobiles.fr\/wp-content\/uploads\/2016\/09\/B-SMRO4002.jpg\" width=\"104\" height=\"74\"><\/td>\n<\/tr>\n<tr>\n<td><font  >SMRO4000<\/font><\/td>\n<td><font  >SMRO4001<\/font><\/td>\n<td><font  >SMRO4002<\/font><\/td>\n<\/tr>\n<\/table>\n<p><font size=\"2\" >Les nouveaux Roadster etroadster-coup\u00e9 (toujours d\u00e9capotable mais avec un coffrepresque utilisable) est un mignon petit v\u00e9hicule passp\u00e9cialement performant mais tr\u00e8s prodigue en sensations.<\/font><\/p>\n<p><a href=\"smaroa01.html\"><font  >PAGESMART ROADSTER<\/font><\/a><\/p>\n<hr>\n<h2><font size=\"5\" >CADILLAC HISTORIQUE (CTS)<\/font><\/h2>\n<table border=\"3\" cellpadding=\"3\" cellspacing=\"3\">\n<tr>\n<td><img decoding=\"async\" loading=\"lazy\" src=\"http:\/\/archives-catalogues-automobiles.fr\/wp-content\/uploads\/2016\/09\/E-CA004052.jpg\" width=\"209\" height=\"152\"><\/td>\n<\/tr>\n<tr>\n<td><font  >CA004052<\/font><\/td>\n<\/tr>\n<\/table>\n<p><font size=\"2\" >La superbe brochure couvrant100 ans d&rsquo;histoire d\u00e9crit les fabuleux mod\u00e8les et concept-carsqui ont fait la l\u00e9gende de Cadillac. Dommage que l&rsquo;histoire setermine aujourd hui par la vilaine CTS.<\/font><\/p>\n<p><a href=\"cadgam03.html\"><font  >PAGECADILLAC GAMME<\/font><\/a><\/p>\n<hr>\n<h2><font size=\"5\" >JAGUAR XJ<\/font><\/h2>\n<table border=\"3\" cellpadding=\"3\" cellspacing=\"3\">\n<tr>\n<td><img decoding=\"async\" loading=\"lazy\" src=\"http:\/\/archives-catalogues-automobiles.fr\/wp-content\/uploads\/2016\/09\/F-JAXJ4500.jpg\" width=\"197\" height=\"108\"><\/td>\n<\/tr>\n<tr>\n<td><font  >JAXJ4500<\/font><\/td>\n<\/tr>\n<\/table>\n<p><font size=\"2\" >La Jaguar XJ est sansconteste la plus belle voiture du moment. A partir de la sublime(mais fragile) Jaguar XJ mark II, les ing\u00e9nieurs ont b\u00e2ti unestructure aluminium respectant les formes d&rsquo;origine. Ainsi,confort et fiabilit\u00e9 sont ceux que l&rsquo;on attend d&rsquo;une voiture deprestige au troisi\u00e8me mill\u00e9naire, mais l&rsquo;ambiance \u00e9voque lesann\u00e9es classiques.<\/font><\/p>\n<p><a href=\"jagxj701.html\"><font  >PAGEJAGUAR XJ 2003<\/font><\/a><\/p>\n<hr>\n<h2><font size=\"5\" >JAGUAR XK<\/font><\/h2>\n<table border=\"3\" cellpadding=\"3\" cellspacing=\"3\">\n<tr>\n<td><img decoding=\"async\" loading=\"lazy\" src=\"http:\/\/archives-catalogues-automobiles.fr\/wp-content\/uploads\/2016\/09\/F-JAXK4033.jpg\" width=\"153\" height=\"210\"><\/td>\n<\/tr>\n<tr>\n<td><font  >JAXK4033<\/font><\/td>\n<\/tr>\n<\/table>\n<p><font size=\"2\" >La Jaguar XK vient de subirun l\u00e9ger face-lift affectant essentiellement les phares etl am\u00e9nagement int\u00e9rieur.<\/font><\/p>\n<p><a href=\"jaxk801.html\"><font  >PAGEJAGUAR XK 8 \/ XKR<\/font><\/a><\/p>\n<hr>\n<h2><font size=\"5\" >ALFA ROMEO 147 GTA<\/font><\/h2>\n<table border=\"3\" cellpadding=\"3\" cellspacing=\"3\">\n<tr>\n<td><img decoding=\"async\" loading=\"lazy\" src=\"http:\/\/archives-catalogues-automobiles.fr\/wp-content\/uploads\/2016\/09\/G-AL474000.jpg\" width=\"144\" height=\"142\"><\/td>\n<\/tr>\n<tr>\n<td><font  >AL474000<\/font><\/td>\n<\/tr>\n<\/table>\n<p><font size=\"2\" >D un c\u00f4t\u00e9 unimpressionnant moteur V6 de 250 ch \u00e0 la sonorit\u00e9 envo\u00fbtante,de l&rsquo;autre des appendices a\u00e9rodynamiques d&rsquo;un go\u00fbtdiscutable&#8230;<\/font><\/p>\n<p><a href=\"alf147g1.html\"><font  >PAGEALFA ROMEO 147 GTA<\/font><\/a><\/p>\n<hr>\n<h2><font size=\"5\" >LEXUS MINORITY REPORT<\/font><\/h2>\n<table border=\"3\" cellpadding=\"3\" cellspacing=\"3\">\n<tr>\n<td><img decoding=\"async\" loading=\"lazy\" src=\"http:\/\/archives-catalogues-automobiles.fr\/wp-content\/uploads\/2016\/09\/H-LEZZ4000.jpg\" width=\"70\" height=\"99\"><\/td>\n<\/tr>\n<tr>\n<td><font  >LEZZ4000<\/font><\/td>\n<\/tr>\n<\/table>\n<p><font size=\"2\" >Lexus fournit le v\u00e9hiculedu film MINORITY REPORT, cens\u00e9 se d\u00e9rouler en 2054, avec unecurieuse berlinette \u00e0 deux places, bien loin de l&rsquo;image LEXUSactuelle.<\/font><\/p>\n<p><a href=\"lexcon01.html\"><font  >PAGELEXUS CONCEPTS<\/font><\/a><\/p>\n<hr>\n<h2><font size=\"5\" >NISSAN MICRA C+C<\/font><\/h2>\n<table border=\"3\" cellpadding=\"3\" cellspacing=\"3\">\n<tr>\n<td><img decoding=\"async\" loading=\"lazy\" src=\"http:\/\/archives-catalogues-automobiles.fr\/wp-content\/uploads\/2016\/09\/H-NIZZ4018.jpg\" width=\"188\" height=\"84\"><\/td>\n<\/tr>\n<tr>\n<td><font  >NIZZ4018<\/font><\/td>\n<\/tr>\n<\/table>\n<p><font size=\"2\" >La nouvelle (et mignonne)petite Micra fait l&rsquo;objet d&rsquo;un d\u00e9riv\u00e9 cabriolet,\u00e9ventuellement destin\u00e9 \u00e0 la production.<\/font><\/p>\n<p><a href=\"lexcon01.html\"><font  >PAGELEXUS CONCEPTS<\/font><\/a><\/p>\n<hr>\n<h2><font size=\"5\" >BOXER DESIGN BUGSTER<\/font><\/h2>\n<table border=\"3\" cellpadding=\"3\" cellspacing=\"3\">\n<tr>\n<td><img decoding=\"async\" loading=\"lazy\" src=\"http:\/\/archives-catalogues-automobiles.fr\/wp-content\/uploads\/2016\/09\/Q-0BOX4000.jpg\" width=\"209\" height=\"152\"><\/td>\n<\/tr>\n<tr>\n<td><font  >0BOX4000<\/font><\/td>\n<\/tr>\n<\/table>\n<p><font size=\"2\" >La marque BOXER DESIGN selance dans l&rsquo;automobile avec le Bugster d\u00e9riv\u00e9 d&rsquo;une moto.Int\u00e9ressant mais l&rsquo;homologation n&rsquo;est pas acquise.<\/font><\/p>\n<p><a href=\"0box0001.html\"><font  >PAGEBOXER DESIGN<\/font><\/a><\/p>\n<hr>\n<h2><font >COURREGES BULLE R<\/font><\/h2>\n<table border=\"3\" cellpadding=\"3\" cellspacing=\"3\">\n<tr>\n<td><img decoding=\"async\" loading=\"lazy\" src=\"http:\/\/archives-catalogues-automobiles.fr\/wp-content\/uploads\/2016\/09\/Q-0COU4000.jpg\" width=\"148\" height=\"209\"><\/td>\n<\/tr>\n<tr>\n<td><font  >0COU4000<\/font><\/td>\n<\/tr>\n<\/table>\n<p><font size=\"2\" >Certains se souviendront desMatra Bagheera Courr\u00e8ges, puis des Santana Courr\u00e8ges quelquesann\u00e9es plus tard. C&rsquo;est maintenant Coqueline Courr\u00e8ges quiprend le crayon pour nous proposer un mod\u00e8le unique, une voiture\u00e9lectrique adorable dans un style tr\u00e8s &quot;70&quot;.<\/font><\/p>\n<p><a href=\"0cou0001.html\"><font  >PAGECOURREGES<\/font><\/a><\/p>\n<hr>\n<h2><font size=\"5\" >DON FOSTER<\/font><\/h2>\n<table border=\"3\" cellpadding=\"3\" cellspacing=\"3\">\n<tr>\n<td><img decoding=\"async\" loading=\"lazy\" src=\"http:\/\/archives-catalogues-automobiles.fr\/wp-content\/uploads\/2016\/09\/Q-0DON4000.jpg\" width=\"209\" height=\"149\"><\/td>\n<\/tr>\n<tr>\n<td><font  >0DON4000<\/font><\/td>\n<\/tr>\n<\/table>\n<p><font size=\"2\" >Don Foster suit les tracesde Matra et propose un v\u00e9hicule &quot;fun&quot; destin\u00e9 auxtitulaires de permis cyclo. Une version &quot;permis B&quot; est\u00e9galement pr\u00e9vue, avec des performances plus significatives.L initiative est int\u00e9ressante et constitue une alternative aux&quot;sans permis&quot;.<\/font><\/p>\n<p><a href=\"0don0001.html\"><font  >PAGEDON FOSTER<\/font><\/a><\/p>\n<hr>\n<h2><font >FOUR STROKE<\/font><\/h2>\n<table border=\"3\" cellpadding=\"3\" cellspacing=\"3\">\n<tr>\n<td><img decoding=\"async\" loading=\"lazy\" src=\"http:\/\/archives-catalogues-automobiles.fr\/wp-content\/uploads\/2016\/09\/Q-0FOU4000.jpg\" width=\"210\" height=\"148\"><\/td>\n<\/tr>\n<tr>\n<td><font  >0FOU4000<\/font><\/td>\n<\/tr>\n<\/table>\n<p><font size=\"2\" >La FOUR STROKE est d&rsquo;abordune sorte de cyclecar ferm\u00e9 \u00e0 la superbe carrosserie en&quot;goutte d&rsquo;eau&quot; \u00e9voquant les prototypes Andreau etMathis Vel 333 des ann\u00e9es 30.<\/font><\/p>\n<p><font size=\"2\" >Mais ce mod\u00e8le pourra \u00eatreult\u00e9rieurement anim\u00e9 par un moteur Antonov \u00e0 &quot;pistonslouvoyants&quot; conciliant les avantages des 2 temps et 4 temps.Ce moteur est constitu\u00e9 par deux paires de pistons s&rsquo;\u00e9cartantles uns des autres autour d&rsquo;une chambre de combustion \u00e0 la formeparticuli\u00e8re (mais non cylindrique !). Ce principe para\u00eetcompliqu\u00e9 mais il fonctionne ! Reste \u00e0 voir les avantages qu&rsquo;ilpr\u00e9sente par rapport au bon vieux moteur \u00e0 tubes.<\/font><\/p>\n<p><a href=\"0fou0001.html\"><font  >PAGEFOUR STROKE<\/font><\/a><\/p>\n<hr>\n<h2><font >SIVAX KIRA<\/font><\/h2>\n<table border=\"3\" cellpadding=\"3\" cellspacing=\"3\">\n<tr>\n<td><img decoding=\"async\" loading=\"lazy\" src=\"http:\/\/archives-catalogues-automobiles.fr\/wp-content\/uploads\/2016\/09\/R-8SIV4000.jpg\" width=\"148\" height=\"209\"><\/td>\n<\/tr>\n<tr>\n<td><font  >8SIV4000<\/font><\/td>\n<\/tr>\n<\/table>\n<p><font size=\"2\" >La SIVAX KIRA est une \u00e9tudede style de roadster parmi beaucoup d&rsquo;autres.<\/font><\/p>\n<p><a href=\"8siv0001.html\"><font  >PAGESIVAX<\/font><\/a><\/p>\n<hr>\n<h2><font size=\"5\" >A-LEVEL VOLGA V12<\/font><\/h2>\n<table border=\"3\" cellpadding=\"3\" cellspacing=\"3\">\n<tr>\n<td><img decoding=\"async\" loading=\"lazy\" src=\"http:\/\/archives-catalogues-automobiles.fr\/wp-content\/uploads\/2016\/09\/R-9ALE4000.jpg\" width=\"113\" height=\"105\"><\/td>\n<td><img decoding=\"async\" loading=\"lazy\" src=\"http:\/\/archives-catalogues-automobiles.fr\/wp-content\/uploads\/2016\/09\/R-9ALE4001.jpg\" width=\"103\" height=\"73\"><\/td>\n<\/tr>\n<tr>\n<td><font  >9ALE4000<\/font><\/td>\n<td><font  >9ALE4001<\/font><\/td>\n<\/tr>\n<\/table>\n<p><font size=\"2\" >Ce mod\u00e8le n&rsquo;a de Volga quele nom est l&rsquo;apparence. Il s&rsquo;agit en fait d&rsquo;une BMW 850 CSIrecarross\u00e9e dans un style &quot;de l&rsquo;\u00e9poque imp\u00e9riale&quot;(sic !) \u00e0 partir de pi\u00e8ces de Volga V21. Le style esttotalement sp\u00e9cifique et tr\u00e8s inspir\u00e9 de la Chrysler 300 B.<\/font><\/p>\n<p><a href=\"9ale0001.html\"><font  >PAGEA-LEVEL<\/font><\/a><\/p>\n","protected":false},"excerpt":{"rendered":"<div class=\"mh-excerpt\"><p>NOUVEAUTES SALON DE PARIS 2002 Pour plus de d\u00e9tails sur les brochures et documents pr\u00e9sent\u00e9s, suivez le lien sous chaque <a class=\"mh-excerpt-more\" href=\"https:\/\/archives-catalogues-automobiles.fr\/index.php\/2016\/06\/30\/catalogues-nouveaux-mondial-paris-2002-2\/\" title=\"NOUVEAUX MONDIAL PARIS 2002\">[&#8230;]<\/a><\/p>\n<\/div>","protected":false},"author":1,"featured_media":0,"comment_status":"closed","ping_status":"closed","sticky":false,"template":"","format":"standard","meta":[],"categories":[751,15],"tags":[],"acf":[],"_links":{"self":[{"href":"https:\/\/archives-catalogues-automobiles.fr\/index.php\/wp-json\/wp\/v2\/posts\/3164"}],"collection":[{"href":"https:\/\/archives-catalogues-automobiles.fr\/index.php\/wp-json\/wp\/v2\/posts"}],"about":[{"href":"https:\/\/archives-catalogues-automobiles.fr\/index.php\/wp-json\/wp\/v2\/types\/post"}],"author":[{"embeddable":true,"href":"https:\/\/archives-catalogues-automobiles.fr\/index.php\/wp-json\/wp\/v2\/users\/1"}],"replies":[{"embeddable":true,"href":"https:\/\/archives-catalogues-automobiles.fr\/index.php\/wp-json\/wp\/v2\/comments?post=3164"}],"version-history":[{"count":0,"href":"https:\/\/archives-catalogues-automobiles.fr\/index.php\/wp-json\/wp\/v2\/posts\/3164\/revisions"}],"wp:attachment":[{"href":"https:\/\/archives-catalogues-automobiles.fr\/index.php\/wp-json\/wp\/v2\/media?parent=3164"}],"wp:term":[{"taxonomy":"category","embeddable":true,"href":"https:\/\/archives-catalogues-automobiles.fr\/index.php\/wp-json\/wp\/v2\/categories?post=3164"},{"taxonomy":"post_tag","embeddable":true,"href":"https:\/\/archives-catalogues-automobiles.fr\/index.php\/wp-json\/wp\/v2\/tags?post=3164"}],"curies":[{"name":"wp","href":"https:\/\/api.w.org\/{rel}","templated":true}]}}