{"id":2949,"date":"2016-06-30T16:43:23","date_gmt":"2016-06-30T16:43:23","guid":{"rendered":"http:\/\/localhost\/laurent_bunnik\/?p=1269"},"modified":"2016-06-30T16:43:23","modified_gmt":"2016-06-30T16:43:23","slug":"Catalogues-matra-m72-gem","status":"publish","type":"post","link":"https:\/\/archives-catalogues-automobiles.fr\/index.php\/2016\/06\/30\/Catalogues-matra-m72-gem\/","title":{"rendered":"CATALOGUES MATRA M72 GEM"},"content":{"rendered":"<p>&nbsp;<\/p>\n<p><font  >Le concept P29 est un &quot;v\u00e9hicule d&rsquo;acc\u00e9l\u00e9ration&quot; tr\u00e8s l\u00e9ger et agile, totalement d\u00e9di\u00e9 au plaisir de conduite.<\/font><\/p>\n<p><font >La<\/font><font  > Matra M72 est un nouveauconcept et aborde un nouveau march\u00e9 pour Matra : celui desv\u00e9hicules ludiques, proches des motos. Une version &quot;20 ch&quot; est disponibles pour les conducteurs titulaires dupermis A1. Elle peut \u00eatre conduite d\u00e8s 16 ans.<br \/>Finalement, le projet M72 n&rsquo;ayant pas abouti, Matra d\u00e9cida (plus modestement) d&rsquo;importer les v\u00e9hicules \u00e9lectriques chinois GEM.<\/font><\/p>\n<h1><font  size=\"5\">1. MATRA P-29&nbsp;&nbsp;&nbsp;<\/font><\/h1>\n<table border=\"3\" cellpadding=\"3\" cellspacing=\"3\">\n<tr>\n<td><img decoding=\"async\" loading=\"lazy\" border=\"0\" src=\"http:\/\/archives-catalogues-automobiles.fr\/wp-content\/uploads\/2016\/09\/A-MAZZ4003.jpg\" width=\"148\" height=\"210\"><\/td>\n<\/tr>\n<tr>\n<td><font  >MAZZ4003<\/font><\/td>\n<\/tr>\n<\/table>\n<p><font size=\"2\" >MA724000-01, MATRA P29,10\/1986, F, 4 pages, format A4<\/font><\/p>\n<hr>\n<h1><font  size=\"5\">2. MATRA M72&nbsp;&nbsp;&nbsp;&nbsp;<\/font><\/h1>\n<table border=\"3\" cellpadding=\"3\" cellspacing=\"3\">\n<tr>\n<td><img decoding=\"async\" loading=\"lazy\" src=\"http:\/\/archives-catalogues-automobiles.fr\/wp-content\/uploads\/2016\/09\/A-MA724000.jpg\" width=\"105\" height=\"74\"><\/td>\n<td><img decoding=\"async\" loading=\"lazy\" src=\"http:\/\/archives-catalogues-automobiles.fr\/wp-content\/uploads\/2016\/09\/A-MA724001.jpg\" width=\"106\" height=\"73\"><\/td>\n<\/tr>\n<tr>\n<td><font  >MA724000<\/font><\/td>\n<td><font  >MA724001<\/font><\/td>\n<\/tr>\n<\/table>\n<p><font size=\"2\" >MA724000-01, MATRA M72,2002, F, format carte postale<\/font><\/p>\n<p><font size=\"2\" >MA724001-01, MATRA M72,2002, F, format carte postale<\/font><\/p>\n<hr>\n<h1><font  size=\"5\">3. MATRA GEM<\/font><\/h1>\n<table border=\"3\" cellpadding=\"3\" cellspacing=\"3\">\n<tr>\n<td><img decoding=\"async\" loading=\"lazy\" border=\"0\" src=\"http:\/\/archives-catalogues-automobiles.fr\/wp-content\/uploads\/2016\/09\/AA-MAGE9000.jpg\" width=\"153\" height=\"210\"><\/td>\n<\/tr>\n<tr>\n<td><font  >MAGE9000<\/font><\/td>\n<\/tr>\n<\/table>\n<p><font size=\"2\" >MAGE9000-01, MATRA GEM,10\/2008, F, 12 pages, format 1,5 A4<\/font><\/p>\n<hr>\n<h1><font  size=\"5\">4. ITF \/ MATRA GEM<\/font><\/h1>\n<table border=\"3\" cellpadding=\"3\" cellspacing=\"3\">\n<tr>\n<td><img decoding=\"async\" loading=\"lazy\" border=\"0\" src=\"http:\/\/archives-catalogues-automobiles.fr\/wp-content\/uploads\/2016\/09\/RA-6ITF9000.jpg\" width=\"207\" height=\"148\"><\/td>\n<td><img decoding=\"async\" loading=\"lazy\" border=\"0\" src=\"http:\/\/archives-catalogues-automobiles.fr\/wp-content\/uploads\/2016\/09\/RA-6ITF9001.jpg\" width=\"207\" height=\"148\"><\/td>\n<td><img decoding=\"async\" loading=\"lazy\" border=\"0\" src=\"http:\/\/archives-catalogues-automobiles.fr\/wp-content\/uploads\/2016\/09\/RA-6ITF9002.jpg\" width=\"208\" height=\"147\"><\/td>\n<\/tr>\n<tr>\n<td><font  >6ITF9000<\/font><\/td>\n<td><font >6ITF9001<\/font><\/td>\n<td><font >6ITF9002<\/font><\/td>\n<\/tr>\n<\/table>\n<p><font size=\"2\" >6ITF9000-01, ITF GEM E2, 2008, GB, 2 pages, format A4<\/font><\/p>\n<p><font size=\"2\" >6ITF9001-01, ITF GEM E4, 2008, GB, 2 pages, format A4<\/font><\/p>\n<p><font size=\"2\" >6ITF9002-01, ITF GEM ES, 2008, GB, 2 pages, format A4<\/font><\/p>\n<p>&nbsp;<\/p>\n<p>&nbsp;<\/p>\n","protected":false},"excerpt":{"rendered":"<div class=\"mh-excerpt\"><p>&nbsp; Le concept P29 est un &quot;v\u00e9hicule d&rsquo;acc\u00e9l\u00e9ration&quot; tr\u00e8s l\u00e9ger et agile, totalement d\u00e9di\u00e9 au plaisir de conduite. La Matra <a class=\"mh-excerpt-more\" href=\"https:\/\/archives-catalogues-automobiles.fr\/index.php\/2016\/06\/30\/Catalogues-matra-m72-gem\/\" title=\"CATALOGUES MATRA M72 GEM\">[&#8230;]<\/a><\/p>\n<\/div>","protected":false},"author":1,"featured_media":0,"comment_status":"closed","ping_status":"closed","sticky":false,"template":"","format":"standard","meta":[],"categories":[109],"tags":[],"acf":[],"_links":{"self":[{"href":"https:\/\/archives-catalogues-automobiles.fr\/index.php\/wp-json\/wp\/v2\/posts\/2949"}],"collection":[{"href":"https:\/\/archives-catalogues-automobiles.fr\/index.php\/wp-json\/wp\/v2\/posts"}],"about":[{"href":"https:\/\/archives-catalogues-automobiles.fr\/index.php\/wp-json\/wp\/v2\/types\/post"}],"author":[{"embeddable":true,"href":"https:\/\/archives-catalogues-automobiles.fr\/index.php\/wp-json\/wp\/v2\/users\/1"}],"replies":[{"embeddable":true,"href":"https:\/\/archives-catalogues-automobiles.fr\/index.php\/wp-json\/wp\/v2\/comments?post=2949"}],"version-history":[{"count":0,"href":"https:\/\/archives-catalogues-automobiles.fr\/index.php\/wp-json\/wp\/v2\/posts\/2949\/revisions"}],"wp:attachment":[{"href":"https:\/\/archives-catalogues-automobiles.fr\/index.php\/wp-json\/wp\/v2\/media?parent=2949"}],"wp:term":[{"taxonomy":"category","embeddable":true,"href":"https:\/\/archives-catalogues-automobiles.fr\/index.php\/wp-json\/wp\/v2\/categories?post=2949"},{"taxonomy":"post_tag","embeddable":true,"href":"https:\/\/archives-catalogues-automobiles.fr\/index.php\/wp-json\/wp\/v2\/tags?post=2949"}],"curies":[{"name":"wp","href":"https:\/\/api.w.org\/{rel}","templated":true}]}}