{"id":2696,"date":"2016-06-30T16:43:23","date_gmt":"2016-06-30T16:43:23","guid":{"rendered":"http:\/\/localhost\/laurent_bunnik\/?p=1269"},"modified":"2016-06-30T16:43:23","modified_gmt":"2016-06-30T16:43:23","slug":"Catalogues-honda-logo","status":"publish","type":"post","link":"https:\/\/archives-catalogues-automobiles.fr\/index.php\/2016\/06\/30\/Catalogues-honda-logo\/","title":{"rendered":"CATALOGUES HONDA LOGO"},"content":{"rendered":"<p><font >Au d\u00e9but des ann\u00e9es 2000, la tr\u00e8s \u00e9ph\u00e9m\u00e8re Logo est venue occuper l&rsquo;entr\u00e9e de gamme chez Honda. Toutefois, son style banal et sa modularit\u00e9 limit\u00e9e n&rsquo;ont pas r\u00e9volutionn\u00e9 le march\u00e9.<\/font><\/p>\n<p>&nbsp;<\/p>\n<table border=\"3\" cellpadding=\"3\" cellspacing=\"3\">\n<tr>\n<td><img decoding=\"async\" loading=\"lazy\" border=\"0\" src=\"http:\/\/archives-catalogues-automobiles.fr\/wp-content\/uploads\/2016\/09\/HA-HOLO9000.jpg\" width=\"148\" height=\"207\"><\/td>\n<td><img decoding=\"async\" loading=\"lazy\" border=\"0\" src=\"http:\/\/archives-catalogues-automobiles.fr\/wp-content\/uploads\/2016\/09\/HA-HOLO9001.jpg\" width=\"146\" height=\"207\"><\/td>\n<td><img decoding=\"async\" loading=\"lazy\" border=\"0\" src=\"http:\/\/archives-catalogues-automobiles.fr\/wp-content\/uploads\/2016\/09\/HA-HOLO9002.jpg\" width=\"146\" height=\"207\"><\/td>\n<td><img decoding=\"async\" loading=\"lazy\" border=\"0\" src=\"http:\/\/archives-catalogues-automobiles.fr\/wp-content\/uploads\/2016\/09\/HA-HOLO9003.jpg\" width=\"146\" height=\"207\"><\/td>\n<\/tr>\n<tr>\n<td><font  >HOLO9000<\/font><\/td>\n<td><font >HOLO9001<\/font><\/td>\n<td><font >HOLO9002<\/font><\/td>\n<td><font >HOLO9003<\/font><\/td>\n<\/tr>\n<tr>\n<td><img decoding=\"async\" loading=\"lazy\" border=\"0\" src=\"http:\/\/archives-catalogues-automobiles.fr\/wp-content\/uploads\/2016\/09\/HA-HOLO9004.jpg\" width=\"146\" height=\"207\"><\/td>\n<td><img decoding=\"async\" loading=\"lazy\" border=\"0\" src=\"http:\/\/archives-catalogues-automobiles.fr\/wp-content\/uploads\/2016\/09\/HA-HOLO9005.jpg\" width=\"147\" height=\"208\"><\/td>\n<td><img decoding=\"async\" loading=\"lazy\" border=\"0\" src=\"http:\/\/archives-catalogues-automobiles.fr\/wp-content\/uploads\/2016\/09\/HA-HOLO9006.jpg\" width=\"147\" height=\"208\"><\/td>\n<td>&nbsp;<\/td>\n<\/tr>\n<tr>\n<td><font >HOLO9004<\/font><\/td>\n<td><font >HOLO9005<\/font><\/td>\n<td><font >HOLO9006<\/font><\/td>\n<td>&nbsp;<\/td>\n<\/tr>\n<\/table>\n<p><font size=\"2\" >HOLO9000-01, HONDA LOGO,1999, F, 4 pages, format A4<\/font><\/p>\n<p><font size=\"2\" >HOLO9001-01, HONDA LOGO,02\/1999, CH FRA, 24 pages, format A4<br \/>HOLO9001-02, HONDA LOGO,02\/1999, CH ITA, 24 pages, format A4<br \/>HOLO9001-03, HONDA LOGO,03\/1999, F, ref : CT9903LOGO, 24 pages, format A4<br \/>HOLO9001-04, HONDA LOGO,04\/1999, B FRA, 20 pages, format A4<br \/>HOLO9001-05, HONDA LOGO,04\/1999, B NED, 20 pages, format A4<br \/>HOLO9001-06, HONDA LOGO,06\/1999, NL, ref : 00117 006 999, 24 pages, format A4<br \/>HOLO9001-07, HONDA LOGO,08\/1999, D, ref : 2913123, 24 pages, format A4<\/font><\/p>\n<p><font size=\"2\" >HOLO9002-01, HONDA LOGO,04\/1999, I, ref : 00MC0070, 24 pages, format A4<\/font><\/p>\n<p><font size=\"2\" >HOLO9003-01, HONDA LOGO,06\/1999, CH DEU, 16 pages, format A4<\/font><\/p>\n<p><font size=\"2\" >HOLO9004-01, HONDA LOGO,06\/2000, F, ref : CT000LOGO, 20 pages, format A4<\/font><\/p>\n<p><font size=\"2\" >HOLO9005-01, HONDA LOGO @ YOU,07\/2000, I, ref : 00FD0218, 6 pages, format A4<\/font><\/p>\n<p><font size=\"2\" >HOLO9006-01, HONDA LOGO PACKS,06\/1999, F, ref : PAC9906LOG, 2 pages, format A4<\/font><\/p>\n<p>&nbsp;<\/p>\n","protected":false},"excerpt":{"rendered":"<div class=\"mh-excerpt\"><p>Au d\u00e9but des ann\u00e9es 2000, la tr\u00e8s \u00e9ph\u00e9m\u00e8re Logo est venue occuper l&rsquo;entr\u00e9e de gamme chez Honda. Toutefois, son style <a class=\"mh-excerpt-more\" href=\"https:\/\/archives-catalogues-automobiles.fr\/index.php\/2016\/06\/30\/Catalogues-honda-logo\/\" title=\"CATALOGUES HONDA LOGO\">[&#8230;]<\/a><\/p>\n<\/div>","protected":false},"author":1,"featured_media":0,"comment_status":"closed","ping_status":"closed","sticky":false,"template":"","format":"standard","meta":[],"categories":[468],"tags":[],"acf":[],"_links":{"self":[{"href":"https:\/\/archives-catalogues-automobiles.fr\/index.php\/wp-json\/wp\/v2\/posts\/2696"}],"collection":[{"href":"https:\/\/archives-catalogues-automobiles.fr\/index.php\/wp-json\/wp\/v2\/posts"}],"about":[{"href":"https:\/\/archives-catalogues-automobiles.fr\/index.php\/wp-json\/wp\/v2\/types\/post"}],"author":[{"embeddable":true,"href":"https:\/\/archives-catalogues-automobiles.fr\/index.php\/wp-json\/wp\/v2\/users\/1"}],"replies":[{"embeddable":true,"href":"https:\/\/archives-catalogues-automobiles.fr\/index.php\/wp-json\/wp\/v2\/comments?post=2696"}],"version-history":[{"count":0,"href":"https:\/\/archives-catalogues-automobiles.fr\/index.php\/wp-json\/wp\/v2\/posts\/2696\/revisions"}],"wp:attachment":[{"href":"https:\/\/archives-catalogues-automobiles.fr\/index.php\/wp-json\/wp\/v2\/media?parent=2696"}],"wp:term":[{"taxonomy":"category","embeddable":true,"href":"https:\/\/archives-catalogues-automobiles.fr\/index.php\/wp-json\/wp\/v2\/categories?post=2696"},{"taxonomy":"post_tag","embeddable":true,"href":"https:\/\/archives-catalogues-automobiles.fr\/index.php\/wp-json\/wp\/v2\/tags?post=2696"}],"curies":[{"name":"wp","href":"https:\/\/api.w.org\/{rel}","templated":true}]}}