{"id":2418,"date":"2016-06-30T16:43:23","date_gmt":"2016-06-30T16:43:23","guid":{"rendered":"http:\/\/localhost\/laurent_bunnik\/?p=1269"},"modified":"2021-10-02T11:29:21","modified_gmt":"2021-10-02T09:29:21","slug":"catalogues-daimler-super-eight","status":"publish","type":"post","link":"https:\/\/archives-catalogues-automobiles.fr\/index.php\/2016\/06\/30\/catalogues-daimler-super-eight\/","title":{"rendered":"CATALOGUES DAIMLER SUPER EIGHT"},"content":{"rendered":"<div align=\"center\">\n<p><span style=\"font-family: 'Arial Black'; font-size: medium;\">La Super Eight, version tr\u00e8s exclusive de la Jaguar XJ type XJ350, sera un \u00e9chec commercial et verra donc la disparition d\u00e9finitive du blason Daimler.<\/span><\/p>\n<\/div>\n<div align=\"center\"><center><\/p>\n<table border=\"1\" cellspacing=\"0\" cellpadding=\"0\" bgcolor=\"#C0C0C0\">\n<tbody>\n<tr>\n<td width=\"100%\"><span style=\"font-family: Arial Black;\">La Boutique ARCHIVES CATALOGUES AUTOMOBILES<\/span><\/td>\n<\/tr>\n<tr>\n<td width=\"100%\"><a href=\"https:\/\/www.archives-catalogues-automobiles.fr\/shop\/fr\/274-daimler\"><span style=\"font-family: Arial Black; font-size: small;\">CATALOGUES \/ BROCHURES DAIMLER A VENDRE \/ FOR SALE<\/span><\/a><\/td>\n<\/tr>\n<\/tbody>\n<\/table>\n<p><\/center><\/div>\n<p><span style=\"font-family: Arial Black; font-size: x-large;\">1. DAIMLER SUPER EIGHT<\/span><\/p>\n<table cellspacing=\"3\" cellpadding=\"3\" bgcolor=\"#C0C0C0\">\n<tbody>\n<tr>\n<td><img decoding=\"async\" loading=\"lazy\" src=\"https:\/\/archives-catalogues-automobiles.fr\/laurentbunnik\/FA-DMZZ4500.jpg\" width=\"187\" height=\"143\" border=\"0\" \/><\/td>\n<td><img decoding=\"async\" loading=\"lazy\" src=\"https:\/\/archives-catalogues-automobiles.fr\/laurentbunnik\/FA-DMZZ4501.jpg\" width=\"161\" height=\"127\" border=\"0\" \/><\/td>\n<td><img decoding=\"async\" loading=\"lazy\" src=\"https:\/\/archives-catalogues-automobiles.fr\/laurentbunnik\/FA-DMZZ4502.jpg\" width=\"163\" height=\"128\" border=\"0\" \/><\/td>\n<\/tr>\n<tr>\n<td><span style=\"font-family: Arial Black;\">DMZZ4500<\/span><\/td>\n<td><span style=\"font-family: Arial Black;\">DMZZ4501<\/span><\/td>\n<td><span style=\"font-family: Arial Black;\">DMZZ4502<\/span><\/td>\n<\/tr>\n<\/tbody>\n<\/table>\n<p><span style=\"font-family: Arial Black; font-size: small;\">DMZZ4500-01, DAIMLER SUPER EIGHT (Presse), 09\/2005, GB, 36 pages avec CD, format 2\/3 A4<br \/>\nDMZZ4500-08, DAIMLER SUPER EIGHT (Presse), 09\/2005, F, 36 pages avec CD, format 2\/3 A4<br \/>\nDMZZ4500-07, DAIMLER SUPER EIGHT, 2006, GB, ref : JLM 10 20 05 06, 32 pages, format 2\/3 A4<br \/>\nDMZZ4500-02, DAIMLER SUPER EIGHT, 2006, I, 36 pages, format 2\/3 A4<br \/>\nDMZZ4500-06, DAIMLER SUPER EIGHT, 2007, CH FRA, ref : JLM 32 20 05 07, 32 pages, format 2\/3 A4<br \/>\nDMZZ4500-05, DAIMLER SUPER EIGHT, 2007, CH DEU, ref : JLM 33 20 05 07, 32 pages, format 2\/3 A4<br \/>\nDMZZ4500-03, DAIMLER SUPER EIGHT, 2007, A, ref : JLM 30 20 05 07, 32 pages, format 2\/3 A4<br \/>\nDMZZ4500-04, DAIMLER SUPER EIGHT, 2007, I, ref : JLM 50 20 05 07, 32 pages, format 2\/3 A4<\/span><\/p>\n<p><span style=\"font-family: Arial Black; font-size: small;\">DMZZ4501-01, DAIMLER SUPER EIGHT, 2006, GB, ref : JLM 10 43 05 06 (3 livrets sous pochette), 60 pages, format 2\/3 A4<br \/>\nDMZZ4501-06, DAIMLER SUPER EIGHT, 2006, F, ref : JLM 11 43 05 06 (3 livrets sous pochette), 60 pages, format 2\/3 A4<br \/>\nDMZZ4501-02, DAIMLER SUPER EIGHT, 2006, B FRA, ref : JLM 36 43 05 06 (3 livrets sous pochette), 60 pages, format 2\/3 A4<br \/>\nDMZZ4501-04, DAIMLER SUPER EIGHT, 2006, B NED, ref : JLM 34 43 05 06 (3 livrets sous pochette), 60 pages, format 2\/3 A4<br \/>\nDMZZ4501-07, DAIMLER SUPER EIGHT, 2006, CH FRA, ref : JLM 32 43 05 06 (3 livrets sous pochette), 60 pages, format 2\/3 A4<br \/>\nDMZZ4501-05, DAIMLER SUPER EIGHT, 2006, CH DEU, ref : JLM 33 43 05 06 (3 livrets sous pochette), 60 pages, format 2\/3 A4<br \/>\nDMZZ4501-03, DAIMLER SUPER EIGHT, 2006, NL, ref : JLM 12 43 05 06 (3 livrets sous pochette), 60 pages, format 2\/3 A4<\/span><\/p>\n<p><span style=\"font-family: Arial Black; font-size: small;\">DMZZ4502-09, DAIMLER SUPER EIGHT, 2008, F, ref : JLM 11 02 05 08 (couverture rigide, sous pochette), 36 pages, format 2\/3 A4<br \/>\nDMZZ4502-04, DAIMLER SUPER EIGHT, 2008, GB, ref : JLM 10 02 05 08 (couverture rigide, sous pochette), 36 pages, format 2\/3 A4<br \/>\nDMZZ4502-10, DAIMLER SUPER EIGHT, 2008, INT ENG, ref : JLM 59 02 05 08 (couverture rigide, sous pochette), 36 pages, format 2\/3 A4<br \/>\nDMZZ4502-01, DAIMLER SUPER EIGHT, 2008, B FRA, ref : JLM 32,36 02 05 08 (couverture rigide, sous pochette), 36 pages, format 2\/3 A4<br \/>\nDMZZ4502-07, DAIMLER SUPER EIGHT, 2008, CH FRA, ref : JLM 32,36 02 05 08 (couverture rigide, sous pochette), 36 pages, format 2\/3 A4<br \/>\nDMZZ4502-03, DAIMLER SUPER EIGHT, 2008, CH DEU, ref : JLM 33 02 05 08 (couverture rigide, sous pochette), 36 pages, format 2\/3 A4<br \/>\nDMZZ4502-08, DAIMLER SUPER EIGHT, 2008, CH ITA, ref : JLM 50 02 05 08 (couverture rigide, sous pochette), 36 pages, format 2\/3 A4<br \/>\nDMZZ4502-02, DAIMLER SUPER EIGHT, 2008, I, ref : JLM 14-50 02 05 08 (couverture rigide, sous pochette), 36 pages, format 2\/3 A4<br \/>\nDMZZ4502-06, DAIMLER SUPER EIGHT, 2008, NL, ref : JLM 12 02 05 08 (couverture rigide, sous pochette), 36 pages, format 2\/3 A4<br \/>\nDMZZ4502-05, DAIMLER SUPER EIGHT, 2009, F, ref : JLM 11 02 05 09 (couverture rigide, sous pochette), 36 pages, format 2\/3 A4<\/span><\/p>\n","protected":false},"excerpt":{"rendered":"<div class=\"mh-excerpt\"><p>La Super Eight, version tr\u00e8s exclusive de la Jaguar XJ type XJ350, sera un \u00e9chec commercial et verra donc la <a class=\"mh-excerpt-more\" href=\"https:\/\/archives-catalogues-automobiles.fr\/index.php\/2016\/06\/30\/catalogues-daimler-super-eight\/\" title=\"CATALOGUES DAIMLER SUPER EIGHT\">[&#8230;]<\/a><\/p>\n<\/div>","protected":false},"author":1,"featured_media":12747,"comment_status":"closed","ping_status":"closed","sticky":false,"template":"","format":"standard","meta":[],"categories":[289],"tags":[],"acf":[],"_links":{"self":[{"href":"https:\/\/archives-catalogues-automobiles.fr\/index.php\/wp-json\/wp\/v2\/posts\/2418"}],"collection":[{"href":"https:\/\/archives-catalogues-automobiles.fr\/index.php\/wp-json\/wp\/v2\/posts"}],"about":[{"href":"https:\/\/archives-catalogues-automobiles.fr\/index.php\/wp-json\/wp\/v2\/types\/post"}],"author":[{"embeddable":true,"href":"https:\/\/archives-catalogues-automobiles.fr\/index.php\/wp-json\/wp\/v2\/users\/1"}],"replies":[{"embeddable":true,"href":"https:\/\/archives-catalogues-automobiles.fr\/index.php\/wp-json\/wp\/v2\/comments?post=2418"}],"version-history":[{"count":0,"href":"https:\/\/archives-catalogues-automobiles.fr\/index.php\/wp-json\/wp\/v2\/posts\/2418\/revisions"}],"wp:featuredmedia":[{"embeddable":true,"href":"https:\/\/archives-catalogues-automobiles.fr\/index.php\/wp-json\/wp\/v2\/media\/12747"}],"wp:attachment":[{"href":"https:\/\/archives-catalogues-automobiles.fr\/index.php\/wp-json\/wp\/v2\/media?parent=2418"}],"wp:term":[{"taxonomy":"category","embeddable":true,"href":"https:\/\/archives-catalogues-automobiles.fr\/index.php\/wp-json\/wp\/v2\/categories?post=2418"},{"taxonomy":"post_tag","embeddable":true,"href":"https:\/\/archives-catalogues-automobiles.fr\/index.php\/wp-json\/wp\/v2\/tags?post=2418"}],"curies":[{"name":"wp","href":"https:\/\/api.w.org\/{rel}","templated":true}]}}