{"id":2415,"date":"2016-06-30T16:43:23","date_gmt":"2016-06-30T16:43:23","guid":{"rendered":"http:\/\/localhost\/laurent_bunnik\/?p=1269"},"modified":"2021-10-02T11:26:07","modified_gmt":"2021-10-02T09:26:07","slug":"catalogues-daimler-sovereign-limousine","status":"publish","type":"post","link":"https:\/\/archives-catalogues-automobiles.fr\/index.php\/2016\/06\/30\/catalogues-daimler-sovereign-limousine\/","title":{"rendered":"CATALOGUES DAIMLER GAMME"},"content":{"rendered":"<div align=\"center\"><center>\u00a0<\/center><\/div>\n<h1><span style=\"font-family: Arial Black; font-size: medium;\">Daimler, marque au pass\u00e9 prestigieux (longtemps fournisseur des v\u00e9hicules de fonction de la Couronne Britannique) est progressivement devenue une sous-marque de Jaguar, puis simplement le blason des mod\u00e8les de luxe de Coventry. Le seul signe distinctif qui demeurera, sera la partie sup\u00e9rieure de calandre stri\u00e9e.<\/span><\/h1>\n<div align=\"center\"><center><\/p>\n<table border=\"1\" cellspacing=\"0\" cellpadding=\"0\" bgcolor=\"#C0C0C0\">\n<tbody>\n<tr>\n<td width=\"100%\"><span style=\"font-family: Arial Black;\">La Boutique ARCHIVES CATALOGUES AUTOMOBILES<\/span><\/td>\n<\/tr>\n<tr>\n<td width=\"100%\"><a href=\"https:\/\/www.archives-catalogues-automobiles.fr\/shop\/fr\/274-daimler\"><span style=\"font-family: Arial Black; font-size: small;\">CATALOGUES \/ BROCHURES DAIMLER A VENDRE \/ FOR SALE<\/span><\/a><\/td>\n<\/tr>\n<\/tbody>\n<\/table>\n<p><\/center><\/div>\n<p><span style=\"font-family: Arial Black; font-size: x-large;\">1. DAIMLER GAMME<\/span><\/p>\n<table cellspacing=\"3\" cellpadding=\"3\" bgcolor=\"#C0C0C0\">\n<tbody>\n<tr>\n<td><img decoding=\"async\" loading=\"lazy\" src=\"https:\/\/archives-catalogues-automobiles.fr\/laurentbunnik\/F-DM004000.jpg\" width=\"146\" height=\"206\" \/><\/td>\n<td><img decoding=\"async\" loading=\"lazy\" src=\"https:\/\/archives-catalogues-automobiles.fr\/laurentbunnik\/FA-DM004009.jpg\" width=\"153\" height=\"105\" border=\"0\" \/><\/td>\n<td><img decoding=\"async\" loading=\"lazy\" src=\"https:\/\/archives-catalogues-automobiles.fr\/laurentbunnik\/FA-DM004007.jpg\" width=\"208\" height=\"147\" border=\"0\" \/><\/td>\n<td><span style=\"font-family: Arial Black;\"><img decoding=\"async\" loading=\"lazy\" src=\"https:\/\/archives-catalogues-automobiles.fr\/laurentbunnik\/F-DM004001.jpg\" width=\"148\" height=\"210\" \/><\/span><\/td>\n<\/tr>\n<tr>\n<td><span style=\"font-family: Arial Black;\">DM004000<\/span><\/td>\n<td><span style=\"font-family: Arial Black;\">DM004009<\/span><\/td>\n<td><span style=\"font-family: Arial Black;\">DM004007<\/span><\/td>\n<td><span style=\"font-family: Arial Black;\">DM004001<\/span><\/td>\n<\/tr>\n<tr>\n<td><img decoding=\"async\" loading=\"lazy\" src=\"https:\/\/archives-catalogues-automobiles.fr\/laurentbunnik\/F-DM004006.jpg\" width=\"206\" height=\"152\" \/><\/td>\n<td><img decoding=\"async\" loading=\"lazy\" src=\"https:\/\/archives-catalogues-automobiles.fr\/laurentbunnik\/FA-DM004008.jpg\" width=\"147\" height=\"209\" border=\"0\" \/><\/td>\n<td><img decoding=\"async\" loading=\"lazy\" src=\"https:\/\/archives-catalogues-automobiles.fr\/laurentbunnik\/FA-DM004010.jpg\" width=\"148\" height=\"210\" border=\"0\" \/><\/td>\n<td><span style=\"font-family: Arial Black;\"><img decoding=\"async\" loading=\"lazy\" src=\"https:\/\/archives-catalogues-automobiles.fr\/laurentbunnik\/F-DM004002.jpg\" width=\"209\" height=\"150\" \/><\/span><\/td>\n<\/tr>\n<tr>\n<td><span style=\"font-family: Arial Black;\">DM004006<\/span><\/td>\n<td><span style=\"font-family: Arial Black;\">DM004008<\/span><\/td>\n<td><span style=\"font-family: Arial Black;\">DM004010<\/span><\/td>\n<td><span style=\"font-family: Arial Black;\">DM004002<\/span><\/td>\n<\/tr>\n<tr>\n<td><span style=\"font-family: Arial Black;\"><img decoding=\"async\" loading=\"lazy\" src=\"https:\/\/archives-catalogues-automobiles.fr\/laurentbunnik\/F-DM004003.jpg\" width=\"153\" height=\"206\" \/><\/span><\/td>\n<td><img decoding=\"async\" loading=\"lazy\" src=\"https:\/\/archives-catalogues-automobiles.fr\/laurentbunnik\/F-DM004005.jpg\" width=\"153\" height=\"210\" \/><\/td>\n<td><span style=\"font-family: Arial Black;\"><img decoding=\"async\" loading=\"lazy\" src=\"https:\/\/archives-catalogues-automobiles.fr\/laurentbunnik\/F-DM004004.jpg\" width=\"153\" height=\"210\" \/><\/span><\/td>\n<td><\/td>\n<\/tr>\n<tr>\n<td><span style=\"font-family: Arial Black;\">DM004003<\/span><\/td>\n<td><span style=\"font-family: Arial Black;\">DM004005<\/span><\/td>\n<td><span style=\"font-family: Arial Black;\">DM004004<\/span><\/td>\n<td><\/td>\n<\/tr>\n<\/tbody>\n<\/table>\n<p><span style=\"font-family: Arial Black; font-size: small;\">DM004000-01, DAIMLER HISTORIQUE, 1997, D, 40 pages, format A4<\/span><\/p>\n<p><span style=\"font-family: Arial Black; font-size: small;\">DM004009-01, DAIMLER GAMME, 1950, F, ref : R901 2048F, 12 pages, format 1\/2 A4<\/span><\/p>\n<p><span style=\"font-family: Arial Black; font-size: small;\">DM004007-02, DAIMLER GAMME, 10\/1969, F, ref : 10\/69 25M, 6 pages, format A4<br \/>\nDM004007-01, DAIMLER GAMME, 08\/1970, F, ref : 08\/70 25M, 6 pages, format A4<\/span><\/p>\n<p><span style=\"font-family: Arial Black; font-size: small;\">DM004001-01, DAIMLER GAMME, 02\/1978, GB, ref : N\u00b03284 26\/3 10856 2\/78 50M, 36 pages, format A4<\/span><\/p>\n<p><span style=\"font-family: Arial Black; font-size: small;\">DM004006-01, DAIMLER GAMME, 1982, GB, ref : 3392, 40 pages sous pochette, format A4<br \/>\nDM004006-02, DAIMLER GAMME, 1982, GB, ref : 3392, 40 pages, format A4<\/span><\/p>\n<p><span style=\"font-family: Arial Black; font-size: small;\">DM004008-01, DAIMLER GAMME, 1983, GB, ref : 3502, 40 pages sous pochette, format A4<\/span><\/p>\n<p><span style=\"font-family: Arial Black; font-size: small;\">DM004010-01, DAIMLER GAMME, 1983, GB, 38 pages sous pochette, format A4<\/span><\/p>\n<p><span style=\"font-family: Arial Black; font-size: small;\">DM004002-01, DAIMLER GAMME, 1984, GB, ref : D\/UK\/84\/101, 24 pages, format A4<\/span><\/p>\n<p><span style=\"font-family: Arial Black; font-size: small;\">DM004003-01, DAIMLER GAMME, 1991, F, ref : DAIM91 03 D, 32 pages, format 1,2 A4<br \/>\nDM004003-02, DAIMLER GAMME, 1991, GB, ref : DAIM91 01 D, 32 pages, format 1,2 A4<br \/>\nDM004003-03, DAIMLER GAMME, 1991, D, ref : DAIM91 02 D, 32 pages, format 1,2 A4<br \/>\nDM004003-04, DAIMLER GAMME, 1991, NL, ref : DAIM91 05 D, 32 pages, format 1,2 A4<br \/>\nDM004003-05, DAIMLER GAMME, 1991, CH FRA \/ DEU, ref : DAIM91 07 D, 32 pages, format 1,2 A4<br \/>\nDM004003-06, DAIMLER GAMME, 1992, D, ref : DAIM92 02 D, 32 pages, format 1,2 A4<br \/>\nDM004003-07, DAIMLER GAMME, 1992, F, ref : DAIM92 03 D, 32 pages, format 1,2 A4<br \/>\nDM004003-08, DAIMLER GAMME, 1992, CH FRA \/ DEU, ref : DAIM92 07 D, 32 pages, format 1,2 A4<\/span><\/p>\n<p><span style=\"font-family: Arial Black; font-size: small;\">DM004005-03, DAIMLER GAMME, 1993, NL, ref : DAIM H 93\/1 D DAIM 93\/1 D, 32 pages, format 1,2 A4<\/span><\/p>\n<p><span style=\"font-family: Arial Black; font-size: small;\">DM004004-01, DAIMLER GAMME, 1993, F, ref : DAIM H 93\/2 F DAIM 93\/2 F (avec 3 rabats), 38 pages, format 1,2 A4<br \/>\nDM004004-02, DAIMLER GAMME, 1993, NL, ref : DAIM H 93\/2 D DAIM 93\/2 D (avec 3 rabats), 38 pages, format 1,2 A4<br \/>\nDM004004-03, DAIMLER GAMME, 1993, F, ref : DAIM H 93\/2 F DAIM 93\/2 F (avec 4 rabats), 38 pages, format 1,2 A4<\/span><\/p>\n","protected":false},"excerpt":{"rendered":"<div class=\"mh-excerpt\"><p>\u00a0 Daimler, marque au pass\u00e9 prestigieux (longtemps fournisseur des v\u00e9hicules de fonction de la Couronne Britannique) est progressivement devenue une <a class=\"mh-excerpt-more\" href=\"https:\/\/archives-catalogues-automobiles.fr\/index.php\/2016\/06\/30\/catalogues-daimler-sovereign-limousine\/\" title=\"CATALOGUES DAIMLER GAMME\">[&#8230;]<\/a><\/p>\n<\/div>","protected":false},"author":1,"featured_media":10462,"comment_status":"closed","ping_status":"closed","sticky":false,"template":"","format":"standard","meta":[],"categories":[289],"tags":[],"acf":[],"_links":{"self":[{"href":"https:\/\/archives-catalogues-automobiles.fr\/index.php\/wp-json\/wp\/v2\/posts\/2415"}],"collection":[{"href":"https:\/\/archives-catalogues-automobiles.fr\/index.php\/wp-json\/wp\/v2\/posts"}],"about":[{"href":"https:\/\/archives-catalogues-automobiles.fr\/index.php\/wp-json\/wp\/v2\/types\/post"}],"author":[{"embeddable":true,"href":"https:\/\/archives-catalogues-automobiles.fr\/index.php\/wp-json\/wp\/v2\/users\/1"}],"replies":[{"embeddable":true,"href":"https:\/\/archives-catalogues-automobiles.fr\/index.php\/wp-json\/wp\/v2\/comments?post=2415"}],"version-history":[{"count":0,"href":"https:\/\/archives-catalogues-automobiles.fr\/index.php\/wp-json\/wp\/v2\/posts\/2415\/revisions"}],"wp:featuredmedia":[{"embeddable":true,"href":"https:\/\/archives-catalogues-automobiles.fr\/index.php\/wp-json\/wp\/v2\/media\/10462"}],"wp:attachment":[{"href":"https:\/\/archives-catalogues-automobiles.fr\/index.php\/wp-json\/wp\/v2\/media?parent=2415"}],"wp:term":[{"taxonomy":"category","embeddable":true,"href":"https:\/\/archives-catalogues-automobiles.fr\/index.php\/wp-json\/wp\/v2\/categories?post=2415"},{"taxonomy":"post_tag","embeddable":true,"href":"https:\/\/archives-catalogues-automobiles.fr\/index.php\/wp-json\/wp\/v2\/tags?post=2415"}],"curies":[{"name":"wp","href":"https:\/\/api.w.org\/{rel}","templated":true}]}}