{"id":1713,"date":"2016-06-30T16:43:23","date_gmt":"2016-06-30T16:43:23","guid":{"rendered":"http:\/\/localhost\/laurent_bunnik\/?p=1269"},"modified":"2019-07-25T22:05:34","modified_gmt":"2019-07-25T20:05:34","slug":"catalogues-movitron-teener","status":"publish","type":"post","link":"https:\/\/archives-catalogues-automobiles.fr\/index.php\/2016\/06\/30\/catalogues-movitron-teener\/","title":{"rendered":"CATALOGUES MOVITRON TEENER"},"content":{"rendered":"<p><span style=\"font-family: Arial Black;\">La Movitron Teener est un des premiers v\u00e9hicules \u00e9lectriques italiens r\u00e9ellement en production et m\u00eame export\u00e9&#8230; m\u00eame s&rsquo;il s&rsquo;agit de petite s\u00e9rie. Cette voiture au look sympathique reste cantonn\u00e9e \u00e0 un usage exclusivement urbain, avec une autonomie affich\u00e9e par le constructeur \u00e0 80 km !\u00a0<span style=\"font-size: small;\">Laurent Bunnik<\/span><\/span><\/p>\n<table cellspacing=\"3\" cellpadding=\"3\" bgcolor=\"#C0C0C0\">\n<tbody>\n<tr>\n<td><img decoding=\"async\" loading=\"lazy\" src=\"https:\/\/archives-catalogues-automobiles.fr\/laurentbunnik\/RA-7MOV9000.jpg\" width=\"148\" height=\"208\" border=\"0\" \/><\/td>\n<td><img decoding=\"async\" loading=\"lazy\" src=\"https:\/\/archives-catalogues-automobiles.fr\/laurentbunnik\/RA-7MOV1000.jpg\" width=\"136\" height=\"135\" border=\"0\" \/><\/td>\n<\/tr>\n<tr>\n<td><span style=\"font-family: Arial Black; font-size: medium;\">7MOV9000<\/span><\/td>\n<td><span style=\"font-family: Arial Black;\">7MOV1000<\/span><\/td>\n<\/tr>\n<\/tbody>\n<\/table>\n<p><span style=\"font-family: Arial Black; font-size: small;\">7MOV9000-01, MOVITRON TEENER, 2008, INT ENG, 2 pages, format A4<\/span><\/p>\n<p><span style=\"font-family: Arial Black; font-size: small;\">7MOV1000-01, MOVITRON TEENER, 2018, INT ENG, 8 pages, format 2\/3 A4<\/span><\/p>\n<p>&nbsp;<\/p>\n","protected":false},"excerpt":{"rendered":"<div class=\"mh-excerpt\"><p>La Movitron Teener est un des premiers v\u00e9hicules \u00e9lectriques italiens r\u00e9ellement en production et m\u00eame export\u00e9&#8230; m\u00eame s&rsquo;il s&rsquo;agit de <a class=\"mh-excerpt-more\" href=\"https:\/\/archives-catalogues-automobiles.fr\/index.php\/2016\/06\/30\/catalogues-movitron-teener\/\" title=\"CATALOGUES MOVITRON TEENER\">[&#8230;]<\/a><\/p>\n<\/div>","protected":false},"author":1,"featured_media":11892,"comment_status":"closed","ping_status":"closed","sticky":false,"template":"","format":"standard","meta":[],"categories":[451],"tags":[],"acf":[],"_links":{"self":[{"href":"https:\/\/archives-catalogues-automobiles.fr\/index.php\/wp-json\/wp\/v2\/posts\/1713"}],"collection":[{"href":"https:\/\/archives-catalogues-automobiles.fr\/index.php\/wp-json\/wp\/v2\/posts"}],"about":[{"href":"https:\/\/archives-catalogues-automobiles.fr\/index.php\/wp-json\/wp\/v2\/types\/post"}],"author":[{"embeddable":true,"href":"https:\/\/archives-catalogues-automobiles.fr\/index.php\/wp-json\/wp\/v2\/users\/1"}],"replies":[{"embeddable":true,"href":"https:\/\/archives-catalogues-automobiles.fr\/index.php\/wp-json\/wp\/v2\/comments?post=1713"}],"version-history":[{"count":0,"href":"https:\/\/archives-catalogues-automobiles.fr\/index.php\/wp-json\/wp\/v2\/posts\/1713\/revisions"}],"wp:featuredmedia":[{"embeddable":true,"href":"https:\/\/archives-catalogues-automobiles.fr\/index.php\/wp-json\/wp\/v2\/media\/11892"}],"wp:attachment":[{"href":"https:\/\/archives-catalogues-automobiles.fr\/index.php\/wp-json\/wp\/v2\/media?parent=1713"}],"wp:term":[{"taxonomy":"category","embeddable":true,"href":"https:\/\/archives-catalogues-automobiles.fr\/index.php\/wp-json\/wp\/v2\/categories?post=1713"},{"taxonomy":"post_tag","embeddable":true,"href":"https:\/\/archives-catalogues-automobiles.fr\/index.php\/wp-json\/wp\/v2\/tags?post=1713"}],"curies":[{"name":"wp","href":"https:\/\/api.w.org\/{rel}","templated":true}]}}