{"id":1579,"date":"2016-06-30T16:43:23","date_gmt":"2016-06-30T16:43:23","guid":{"rendered":"http:\/\/localhost\/laurent_bunnik\/?p=1269"},"modified":"2017-10-21T14:42:37","modified_gmt":"2017-10-21T12:42:37","slug":"catalogues-frazer-nash-bmw","status":"publish","type":"post","link":"https:\/\/archives-catalogues-automobiles.fr\/index.php\/2016\/06\/30\/catalogues-frazer-nash-bmw\/","title":{"rendered":"CATALOGUES FRAZER NASH BMW"},"content":{"rendered":"<p>Frazer-Nash d&rsquo;abord import\u00e9 des BMW qu&rsquo;il commercialisait \u00e0 c\u00f4t\u00e9 de sa propre gamme dans la seconde moiti\u00e9 des ann\u00e9es 30, avant de reprendre directement la construction de BMW sous licence apr\u00e8s la seconde guerre mondiale (parall\u00e8lement \u00e0 Bristol) mais cette activit\u00e9 d\u00e9clina rapidement.<\/p>\n<table border=\"3\" cellspacing=\"3\" cellpadding=\"3\">\n<tbody>\n<tr>\n<td><img decoding=\"async\" loading=\"lazy\" src=\"http:\/\/archives-catalogues-automobiles.fr\/wp-content\/uploads\/2016\/09\/RA-6FRA6000.jpg\" width=\"147\" height=\"120\" border=\"0\" \/><\/td>\n<\/tr>\n<tr>\n<td>6FRA6000<\/td>\n<\/tr>\n<\/tbody>\n<\/table>\n<p><span style=\"font-size: small;\">6FRA6000-01, FRAZER-NASH BMW, 1937, GB, 4 pages, format 1\/2 A4<\/span><\/p>\n<p>&nbsp;<\/p>\n","protected":false},"excerpt":{"rendered":"<div class=\"mh-excerpt\"><p>Frazer-Nash d&rsquo;abord import\u00e9 des BMW qu&rsquo;il commercialisait \u00e0 c\u00f4t\u00e9 de sa propre gamme dans la seconde moiti\u00e9 des ann\u00e9es 30, <a class=\"mh-excerpt-more\" href=\"https:\/\/archives-catalogues-automobiles.fr\/index.php\/2016\/06\/30\/catalogues-frazer-nash-bmw\/\" title=\"CATALOGUES FRAZER NASH BMW\">[&#8230;]<\/a><\/p>\n<\/div>","protected":false},"author":1,"featured_media":0,"comment_status":"closed","ping_status":"closed","sticky":false,"template":"","format":"standard","meta":[],"categories":[23,847,235],"tags":[],"acf":[],"_links":{"self":[{"href":"https:\/\/archives-catalogues-automobiles.fr\/index.php\/wp-json\/wp\/v2\/posts\/1579"}],"collection":[{"href":"https:\/\/archives-catalogues-automobiles.fr\/index.php\/wp-json\/wp\/v2\/posts"}],"about":[{"href":"https:\/\/archives-catalogues-automobiles.fr\/index.php\/wp-json\/wp\/v2\/types\/post"}],"author":[{"embeddable":true,"href":"https:\/\/archives-catalogues-automobiles.fr\/index.php\/wp-json\/wp\/v2\/users\/1"}],"replies":[{"embeddable":true,"href":"https:\/\/archives-catalogues-automobiles.fr\/index.php\/wp-json\/wp\/v2\/comments?post=1579"}],"version-history":[{"count":0,"href":"https:\/\/archives-catalogues-automobiles.fr\/index.php\/wp-json\/wp\/v2\/posts\/1579\/revisions"}],"wp:attachment":[{"href":"https:\/\/archives-catalogues-automobiles.fr\/index.php\/wp-json\/wp\/v2\/media?parent=1579"}],"wp:term":[{"taxonomy":"category","embeddable":true,"href":"https:\/\/archives-catalogues-automobiles.fr\/index.php\/wp-json\/wp\/v2\/categories?post=1579"},{"taxonomy":"post_tag","embeddable":true,"href":"https:\/\/archives-catalogues-automobiles.fr\/index.php\/wp-json\/wp\/v2\/tags?post=1579"}],"curies":[{"name":"wp","href":"https:\/\/api.w.org\/{rel}","templated":true}]}}