{"id":13517,"date":"2024-11-02T11:16:32","date_gmt":"2024-11-02T10:16:32","guid":{"rendered":"https:\/\/archives-catalogues-automobiles.fr\/?p=13517"},"modified":"2024-11-02T11:16:32","modified_gmt":"2024-11-02T10:16:32","slug":"catalogues-shell","status":"publish","type":"post","link":"https:\/\/archives-catalogues-automobiles.fr\/index.php\/2024\/11\/02\/catalogues-shell\/","title":{"rendered":"CATALOGUES SHELL"},"content":{"rendered":"<p><span style=\"font-family: Arial Black; font-size: medium;\">La compagnie p\u00e9troli\u00e8re Shell pr\u00e9sente en 2016 un projet de voiturette ultra-l\u00e9g\u00e8re avec Gordon Murray&#8230; mais n&rsquo;a pas \u00e9t\u00e9 jusqu&rsquo;\u00e0 la construire !<\/span><\/p>\n<table cellspacing=\"3\" cellpadding=\"3\" bgcolor=\"#C0C0C0\">\n<tbody>\n<tr>\n<td><img decoding=\"async\" loading=\"lazy\" src=\"https:\/\/archives-catalogues-automobiles.fr\/laurentbunnik\/RA-6SHE1000.jpg\" width=\"144\" height=\"206\" border=\"0\" \/><\/td>\n<\/tr>\n<tr>\n<td><span style=\"font-family: Arial Black; font-size: medium;\">6SHE1000<\/span><\/td>\n<\/tr>\n<\/tbody>\n<\/table>\n<p><span style=\"font-family: Arial Black; font-size: small;\">6SHE1000-01, SHELL CONCEPT CAR, 2016, D, 2 pages, format A4<\/span><\/p>\n<p>&nbsp;<\/p>\n","protected":false},"excerpt":{"rendered":"<div class=\"mh-excerpt\"><p>La compagnie p\u00e9troli\u00e8re Shell pr\u00e9sente en 2016 un projet de voiturette ultra-l\u00e9g\u00e8re avec Gordon Murray&#8230; mais n&rsquo;a pas \u00e9t\u00e9 jusqu&rsquo;\u00e0 <a class=\"mh-excerpt-more\" href=\"https:\/\/archives-catalogues-automobiles.fr\/index.php\/2024\/11\/02\/catalogues-shell\/\" title=\"CATALOGUES SHELL\">[&#8230;]<\/a><\/p>\n<\/div>","protected":false},"author":1,"featured_media":13518,"comment_status":"closed","ping_status":"closed","sticky":false,"template":"","format":"standard","meta":[],"categories":[994],"tags":[],"acf":[],"_links":{"self":[{"href":"https:\/\/archives-catalogues-automobiles.fr\/index.php\/wp-json\/wp\/v2\/posts\/13517"}],"collection":[{"href":"https:\/\/archives-catalogues-automobiles.fr\/index.php\/wp-json\/wp\/v2\/posts"}],"about":[{"href":"https:\/\/archives-catalogues-automobiles.fr\/index.php\/wp-json\/wp\/v2\/types\/post"}],"author":[{"embeddable":true,"href":"https:\/\/archives-catalogues-automobiles.fr\/index.php\/wp-json\/wp\/v2\/users\/1"}],"replies":[{"embeddable":true,"href":"https:\/\/archives-catalogues-automobiles.fr\/index.php\/wp-json\/wp\/v2\/comments?post=13517"}],"version-history":[{"count":0,"href":"https:\/\/archives-catalogues-automobiles.fr\/index.php\/wp-json\/wp\/v2\/posts\/13517\/revisions"}],"wp:featuredmedia":[{"embeddable":true,"href":"https:\/\/archives-catalogues-automobiles.fr\/index.php\/wp-json\/wp\/v2\/media\/13518"}],"wp:attachment":[{"href":"https:\/\/archives-catalogues-automobiles.fr\/index.php\/wp-json\/wp\/v2\/media?parent=13517"}],"wp:term":[{"taxonomy":"category","embeddable":true,"href":"https:\/\/archives-catalogues-automobiles.fr\/index.php\/wp-json\/wp\/v2\/categories?post=13517"},{"taxonomy":"post_tag","embeddable":true,"href":"https:\/\/archives-catalogues-automobiles.fr\/index.php\/wp-json\/wp\/v2\/tags?post=13517"}],"curies":[{"name":"wp","href":"https:\/\/api.w.org\/{rel}","templated":true}]}}