{"id":13515,"date":"2024-11-02T11:11:49","date_gmt":"2024-11-02T10:11:49","guid":{"rendered":"https:\/\/archives-catalogues-automobiles.fr\/?p=13515"},"modified":"2024-11-02T11:11:49","modified_gmt":"2024-11-02T10:11:49","slug":"catalogues-lawrence-tech","status":"publish","type":"post","link":"https:\/\/archives-catalogues-automobiles.fr\/index.php\/2024\/11\/02\/catalogues-lawrence-tech\/","title":{"rendered":"CATALOGUES LAWRENCE TECH"},"content":{"rendered":"<p><span style=\"font-family: Arial Black; font-size: medium;\">L&rsquo;universit\u00e9 technologique Lawrence a d\u00e9velopp\u00e9 en 1995 un prototype de voiture hybride dot\u00e9 d&rsquo;un moteur essence de Geo Metro et d&rsquo;un moteur \u00e9lectrique de 42 ch.\u00a0<\/span><\/p>\n<table cellspacing=\"3\" cellpadding=\"3\" bgcolor=\"#C0C0C0\">\n<tbody>\n<tr>\n<td><img decoding=\"async\" loading=\"lazy\" src=\"https:\/\/archives-catalogues-automobiles.fr\/laurentbunnik\/RA-5LAW4000.jpg\" width=\"145\" height=\"195\" border=\"0\" \/><\/td>\n<\/tr>\n<tr>\n<td><span style=\"font-family: Arial Black; font-size: medium;\">5LAW4000<\/span><\/td>\n<\/tr>\n<\/tbody>\n<\/table>\n<p><span style=\"font-family: Arial Black; font-size: small;\">5LAW4000-01, LAWRENCE TECH RESPONSE II, 03\/1995, USA, 2 pages, format A4<\/span><\/p>\n","protected":false},"excerpt":{"rendered":"<div class=\"mh-excerpt\"><p>L&rsquo;universit\u00e9 technologique Lawrence a d\u00e9velopp\u00e9 en 1995 un prototype de voiture hybride dot\u00e9 d&rsquo;un moteur essence de Geo Metro et <a class=\"mh-excerpt-more\" href=\"https:\/\/archives-catalogues-automobiles.fr\/index.php\/2024\/11\/02\/catalogues-lawrence-tech\/\" title=\"CATALOGUES LAWRENCE TECH\">[&#8230;]<\/a><\/p>\n<\/div>","protected":false},"author":1,"featured_media":13516,"comment_status":"closed","ping_status":"closed","sticky":false,"template":"","format":"standard","meta":[],"categories":[993],"tags":[],"acf":[],"_links":{"self":[{"href":"https:\/\/archives-catalogues-automobiles.fr\/index.php\/wp-json\/wp\/v2\/posts\/13515"}],"collection":[{"href":"https:\/\/archives-catalogues-automobiles.fr\/index.php\/wp-json\/wp\/v2\/posts"}],"about":[{"href":"https:\/\/archives-catalogues-automobiles.fr\/index.php\/wp-json\/wp\/v2\/types\/post"}],"author":[{"embeddable":true,"href":"https:\/\/archives-catalogues-automobiles.fr\/index.php\/wp-json\/wp\/v2\/users\/1"}],"replies":[{"embeddable":true,"href":"https:\/\/archives-catalogues-automobiles.fr\/index.php\/wp-json\/wp\/v2\/comments?post=13515"}],"version-history":[{"count":0,"href":"https:\/\/archives-catalogues-automobiles.fr\/index.php\/wp-json\/wp\/v2\/posts\/13515\/revisions"}],"wp:featuredmedia":[{"embeddable":true,"href":"https:\/\/archives-catalogues-automobiles.fr\/index.php\/wp-json\/wp\/v2\/media\/13516"}],"wp:attachment":[{"href":"https:\/\/archives-catalogues-automobiles.fr\/index.php\/wp-json\/wp\/v2\/media?parent=13515"}],"wp:term":[{"taxonomy":"category","embeddable":true,"href":"https:\/\/archives-catalogues-automobiles.fr\/index.php\/wp-json\/wp\/v2\/categories?post=13515"},{"taxonomy":"post_tag","embeddable":true,"href":"https:\/\/archives-catalogues-automobiles.fr\/index.php\/wp-json\/wp\/v2\/tags?post=13515"}],"curies":[{"name":"wp","href":"https:\/\/api.w.org\/{rel}","templated":true}]}}