{"id":1284,"date":"2016-06-30T16:43:23","date_gmt":"2016-06-30T16:43:23","guid":{"rendered":"http:\/\/localhost\/laurent_bunnik\/?p=1269"},"modified":"2016-06-30T16:43:23","modified_gmt":"2016-06-30T16:43:23","slug":"Catalogues-boschetti-poly-carr-bugatti-35-b","status":"publish","type":"post","link":"https:\/\/archives-catalogues-automobiles.fr\/index.php\/2016\/06\/30\/Catalogues-boschetti-poly-carr-bugatti-35-b\/","title":{"rendered":"CATALOGUES BOSCHETTI POLY CARR BUGATTI 35 B"},"content":{"rendered":"<p><font  >Boschetti a tent\u00e9 d&rsquo;importer en France pendant quelques ann\u00e9es une de ces atroces r\u00e9pliques de Bugatti 35 en kit, bas\u00e9 sur un ch\u00e2ssis de VW Coccinelle&nbsp; !<\/font><\/p>\n<table border=\"3\" cellpadding=\"3\" cellspacing=\"3\">\n<tr>\n<td><img decoding=\"async\" loading=\"lazy\" border=\"0\" src=\"http:\/\/archives-catalogues-automobiles.fr\/wp-content\/uploads\/2016\/09\/QA-0BOS4000.jpg\" width=\"150\" height=\"209\"><\/td>\n<\/tr>\n<tr>\n<td><font  >0BOS4000<\/font><\/td>\n<\/tr>\n<\/table>\n<p><font size=\"2\" >0BOS4000-01, BOSCHETTI POLY CARR BUGATTI 35 B, 1980, F, 6 pages, format A4<\/font><\/p>\n<p>&nbsp;<\/p>\n","protected":false},"excerpt":{"rendered":"<div class=\"mh-excerpt\"><p>Boschetti a tent\u00e9 d&rsquo;importer en France pendant quelques ann\u00e9es une de ces atroces r\u00e9pliques de Bugatti 35 en kit, bas\u00e9 <a class=\"mh-excerpt-more\" href=\"https:\/\/archives-catalogues-automobiles.fr\/index.php\/2016\/06\/30\/Catalogues-boschetti-poly-carr-bugatti-35-b\/\" title=\"CATALOGUES BOSCHETTI POLY CARR BUGATTI 35 B\">[&#8230;]<\/a><\/p>\n<\/div>","protected":false},"author":1,"featured_media":0,"comment_status":"closed","ping_status":"closed","sticky":false,"template":"","format":"standard","meta":[],"categories":[128,112],"tags":[],"acf":[],"_links":{"self":[{"href":"https:\/\/archives-catalogues-automobiles.fr\/index.php\/wp-json\/wp\/v2\/posts\/1284"}],"collection":[{"href":"https:\/\/archives-catalogues-automobiles.fr\/index.php\/wp-json\/wp\/v2\/posts"}],"about":[{"href":"https:\/\/archives-catalogues-automobiles.fr\/index.php\/wp-json\/wp\/v2\/types\/post"}],"author":[{"embeddable":true,"href":"https:\/\/archives-catalogues-automobiles.fr\/index.php\/wp-json\/wp\/v2\/users\/1"}],"replies":[{"embeddable":true,"href":"https:\/\/archives-catalogues-automobiles.fr\/index.php\/wp-json\/wp\/v2\/comments?post=1284"}],"version-history":[{"count":0,"href":"https:\/\/archives-catalogues-automobiles.fr\/index.php\/wp-json\/wp\/v2\/posts\/1284\/revisions"}],"wp:attachment":[{"href":"https:\/\/archives-catalogues-automobiles.fr\/index.php\/wp-json\/wp\/v2\/media?parent=1284"}],"wp:term":[{"taxonomy":"category","embeddable":true,"href":"https:\/\/archives-catalogues-automobiles.fr\/index.php\/wp-json\/wp\/v2\/categories?post=1284"},{"taxonomy":"post_tag","embeddable":true,"href":"https:\/\/archives-catalogues-automobiles.fr\/index.php\/wp-json\/wp\/v2\/tags?post=1284"}],"curies":[{"name":"wp","href":"https:\/\/api.w.org\/{rel}","templated":true}]}}