{"id":12416,"date":"2020-12-05T17:00:44","date_gmt":"2020-12-05T16:00:44","guid":{"rendered":"https:\/\/archives-catalogues-automobiles.fr\/?p=12416"},"modified":"2020-12-05T17:00:44","modified_gmt":"2020-12-05T16:00:44","slug":"catalogues-reyonnah","status":"publish","type":"post","link":"https:\/\/archives-catalogues-automobiles.fr\/index.php\/2020\/12\/05\/catalogues-reyonnah\/","title":{"rendered":"CATALOGUES REYONNAH"},"content":{"rendered":"<p><span style=\"font-family: Arial Black;\">La Reyonnah (anagramme du nom de son cr\u00e9ateur Hannoyer) est une voiturette \u00e0 moteur 2 temps, 2 places en tandem. Sa voie arri\u00e8re est r\u00e9duite, et sa voie avant est \u00ab\u00a0r\u00e9ductible\u00a0\u00bb (les roues se replient sous la carrosserie pour gagner de la place en stationnement). Cette particularit\u00e9 ne sera pas copi\u00e9e par qui que ce soit !\u00a0<\/span><\/p>\n<table cellspacing=\"3\" cellpadding=\"3\" bgcolor=\"#C0C0C0\">\n<tbody>\n<tr>\n<td><img decoding=\"async\" loading=\"lazy\" src=\"https:\/\/archives-catalogues-automobiles.fr\/laurentbunnik\/QA-0REY6000.jpg\" width=\"150\" height=\"193\" border=\"0\" \/><\/td>\n<\/tr>\n<tr>\n<td><span style=\"font-family: Arial Black; font-size: medium;\">0REY6000<\/span><\/td>\n<\/tr>\n<\/tbody>\n<\/table>\n<p><span style=\"font-family: Arial Black; font-size: small;\">0REY6000-01, REYONNAH, 1953, F, 2 pages, format A4<\/span><\/p>\n<p>&nbsp;<\/p>\n","protected":false},"excerpt":{"rendered":"<div class=\"mh-excerpt\"><p>La Reyonnah (anagramme du nom de son cr\u00e9ateur Hannoyer) est une voiturette \u00e0 moteur 2 temps, 2 places en tandem. <a class=\"mh-excerpt-more\" href=\"https:\/\/archives-catalogues-automobiles.fr\/index.php\/2020\/12\/05\/catalogues-reyonnah\/\" title=\"CATALOGUES REYONNAH\">[&#8230;]<\/a><\/p>\n<\/div>","protected":false},"author":1,"featured_media":12417,"comment_status":"closed","ping_status":"closed","sticky":false,"template":"","format":"standard","meta":[],"categories":[946],"tags":[],"acf":[],"_links":{"self":[{"href":"https:\/\/archives-catalogues-automobiles.fr\/index.php\/wp-json\/wp\/v2\/posts\/12416"}],"collection":[{"href":"https:\/\/archives-catalogues-automobiles.fr\/index.php\/wp-json\/wp\/v2\/posts"}],"about":[{"href":"https:\/\/archives-catalogues-automobiles.fr\/index.php\/wp-json\/wp\/v2\/types\/post"}],"author":[{"embeddable":true,"href":"https:\/\/archives-catalogues-automobiles.fr\/index.php\/wp-json\/wp\/v2\/users\/1"}],"replies":[{"embeddable":true,"href":"https:\/\/archives-catalogues-automobiles.fr\/index.php\/wp-json\/wp\/v2\/comments?post=12416"}],"version-history":[{"count":0,"href":"https:\/\/archives-catalogues-automobiles.fr\/index.php\/wp-json\/wp\/v2\/posts\/12416\/revisions"}],"wp:featuredmedia":[{"embeddable":true,"href":"https:\/\/archives-catalogues-automobiles.fr\/index.php\/wp-json\/wp\/v2\/media\/12417"}],"wp:attachment":[{"href":"https:\/\/archives-catalogues-automobiles.fr\/index.php\/wp-json\/wp\/v2\/media?parent=12416"}],"wp:term":[{"taxonomy":"category","embeddable":true,"href":"https:\/\/archives-catalogues-automobiles.fr\/index.php\/wp-json\/wp\/v2\/categories?post=12416"},{"taxonomy":"post_tag","embeddable":true,"href":"https:\/\/archives-catalogues-automobiles.fr\/index.php\/wp-json\/wp\/v2\/tags?post=12416"}],"curies":[{"name":"wp","href":"https:\/\/api.w.org\/{rel}","templated":true}]}}