{"id":12404,"date":"2020-12-05T16:21:27","date_gmt":"2020-12-05T15:21:27","guid":{"rendered":"https:\/\/archives-catalogues-automobiles.fr\/?p=12404"},"modified":"2020-12-05T16:22:01","modified_gmt":"2020-12-05T15:22:01","slug":"catalogues-amilcar","status":"publish","type":"post","link":"https:\/\/archives-catalogues-automobiles.fr\/index.php\/2020\/12\/05\/catalogues-amilcar\/","title":{"rendered":"CATALOGUES AMILCAR"},"content":{"rendered":"<p><span style=\"font-family: Arial Black; font-size: medium;\">Cette marque issue du monde des cyclecars fut une des seules \u00e0 pouvoir d\u00e9velopper une gamme de voitures \u00ab\u00a0normales\u00a0\u00bb au tournant des ann\u00e9es 30, avec des pr\u00e9tentions sportives concr\u00e9tis\u00e9es dans de nombreuses comp\u00e9titions. Cette marque s&rsquo;est aussi distingu\u00e9e par des innovations fr\u00e9quentes.<\/span><\/p>\n<p>&nbsp;<\/p>\n<p><span style=\"font-family: Arial Black; font-size: x-large;\">1. AMILCAR GAMME<\/span><\/p>\n<table cellspacing=\"3\" cellpadding=\"3\" bgcolor=\"#C0C0C0\">\n<tbody>\n<tr>\n<td><img decoding=\"async\" loading=\"lazy\" src=\"https:\/\/archives-catalogues-automobiles.fr\/laurentbunnik\/QA-0AMI6000.jpg\" width=\"101\" height=\"160\" border=\"0\" \/><\/td>\n<\/tr>\n<tr>\n<td><span style=\"font-family: Arial Black; font-size: medium;\">0AMI6000<\/span><\/td>\n<\/tr>\n<\/tbody>\n<\/table>\n<p><span style=\"font-family: Arial Black; font-size: small;\">0AMI6000-01, AMILCAR GAMME, 1933, F, 2 pages, format 1\/2 A4<\/span><\/p>\n<hr \/>\n<p><span style=\"font-family: Arial Black; font-size: x-large;\">2. AMILCAR 5 CV<\/span><\/p>\n<table cellspacing=\"3\" cellpadding=\"3\" bgcolor=\"#C0C0C0\">\n<tbody>\n<tr>\n<td><img decoding=\"async\" loading=\"lazy\" src=\"https:\/\/archives-catalogues-automobiles.fr\/laurentbunnik\/QA-0AMI6001.jpg\" width=\"156\" height=\"107\" border=\"0\" \/><\/td>\n<td><img decoding=\"async\" loading=\"lazy\" src=\"https:\/\/archives-catalogues-automobiles.fr\/laurentbunnik\/QA-0AMI6002.jpg\" width=\"103\" height=\"165\" border=\"0\" \/><\/td>\n<\/tr>\n<tr>\n<td><span style=\"font-family: Arial Black; font-size: medium;\">0AMI6001<\/span><\/td>\n<td><span style=\"font-family: Arial Black;\">0AMI6002<\/span><\/td>\n<\/tr>\n<\/tbody>\n<\/table>\n<p><span style=\"font-family: Arial Black; font-size: small;\">0AMI6001-01, AMILCAR 5 CV, 1932, F, 4 pages, format 1\/2 A4<\/span><\/p>\n<p><span style=\"font-family: Arial Black; font-size: small;\">0AMI6002-01, AMILCAR 5 CV, 1933, F, 8 pages, format 1\/2 A4<\/span><\/p>\n<hr \/>\n<p><span style=\"font-family: Arial Black; font-size: x-large;\">3. AMILCAR 7CV M3 \/ 13CV CS8<\/span><\/p>\n<table cellspacing=\"3\" cellpadding=\"3\" bgcolor=\"#C0C0C0\">\n<tbody>\n<tr>\n<td><img decoding=\"async\" loading=\"lazy\" src=\"https:\/\/archives-catalogues-automobiles.fr\/laurentbunnik\/QA-0AMI6004.jpg\" width=\"160\" height=\"104\" border=\"0\" \/><\/td>\n<\/tr>\n<tr>\n<td><span style=\"font-family: Arial Black; font-size: medium;\">0AMI6004<\/span><\/td>\n<\/tr>\n<\/tbody>\n<\/table>\n<p><span style=\"font-family: Arial Black; font-size: small;\">0AMI6004-01, AMILCAR 7CV M3 \/ 13CV CS8, 1932, F, 8 pages, format 1\/2 A4<\/span><\/p>\n<hr \/>\n<p><span style=\"font-family: Arial Black; font-size: x-large;\">4. AMILCAR PEGASE<\/span><\/p>\n<table cellspacing=\"3\" cellpadding=\"3\" bgcolor=\"#C0C0C0\">\n<tbody>\n<tr>\n<td><img decoding=\"async\" loading=\"lazy\" src=\"https:\/\/archives-catalogues-automobiles.fr\/laurentbunnik\/QA-0AMI6003.jpg\" width=\"157\" height=\"108\" border=\"0\" \/><\/td>\n<\/tr>\n<tr>\n<td><span style=\"font-family: Arial Black; font-size: medium;\">0AMI6003<\/span><\/td>\n<\/tr>\n<\/tbody>\n<\/table>\n<p><span style=\"font-family: Arial Black; font-size: small;\">0AMI6003-01, AMILCAR PEGASE, 1934, F, 4 pages, format 1\/2 A4<\/span><\/p>\n<p dir=\"ltr\">\n","protected":false},"excerpt":{"rendered":"<div class=\"mh-excerpt\"><p>Cette marque issue du monde des cyclecars fut une des seules \u00e0 pouvoir d\u00e9velopper une gamme de voitures \u00ab\u00a0normales\u00a0\u00bb au <a class=\"mh-excerpt-more\" href=\"https:\/\/archives-catalogues-automobiles.fr\/index.php\/2020\/12\/05\/catalogues-amilcar\/\" title=\"CATALOGUES AMILCAR\">[&#8230;]<\/a><\/p>\n<\/div>","protected":false},"author":1,"featured_media":12405,"comment_status":"closed","ping_status":"closed","sticky":false,"template":"","format":"standard","meta":[],"categories":[941],"tags":[],"acf":[],"_links":{"self":[{"href":"https:\/\/archives-catalogues-automobiles.fr\/index.php\/wp-json\/wp\/v2\/posts\/12404"}],"collection":[{"href":"https:\/\/archives-catalogues-automobiles.fr\/index.php\/wp-json\/wp\/v2\/posts"}],"about":[{"href":"https:\/\/archives-catalogues-automobiles.fr\/index.php\/wp-json\/wp\/v2\/types\/post"}],"author":[{"embeddable":true,"href":"https:\/\/archives-catalogues-automobiles.fr\/index.php\/wp-json\/wp\/v2\/users\/1"}],"replies":[{"embeddable":true,"href":"https:\/\/archives-catalogues-automobiles.fr\/index.php\/wp-json\/wp\/v2\/comments?post=12404"}],"version-history":[{"count":0,"href":"https:\/\/archives-catalogues-automobiles.fr\/index.php\/wp-json\/wp\/v2\/posts\/12404\/revisions"}],"wp:featuredmedia":[{"embeddable":true,"href":"https:\/\/archives-catalogues-automobiles.fr\/index.php\/wp-json\/wp\/v2\/media\/12405"}],"wp:attachment":[{"href":"https:\/\/archives-catalogues-automobiles.fr\/index.php\/wp-json\/wp\/v2\/media?parent=12404"}],"wp:term":[{"taxonomy":"category","embeddable":true,"href":"https:\/\/archives-catalogues-automobiles.fr\/index.php\/wp-json\/wp\/v2\/categories?post=12404"},{"taxonomy":"post_tag","embeddable":true,"href":"https:\/\/archives-catalogues-automobiles.fr\/index.php\/wp-json\/wp\/v2\/tags?post=12404"}],"curies":[{"name":"wp","href":"https:\/\/api.w.org\/{rel}","templated":true}]}}