{"id":124,"date":"2016-05-30T15:54:38","date_gmt":"2016-05-30T13:54:38","guid":{"rendered":"http:\/\/localhost\/laurent_bunnik\/?p=124"},"modified":"2016-08-04T13:31:37","modified_gmt":"2016-08-04T11:31:37","slug":"geneve-2010","status":"publish","type":"post","link":"https:\/\/archives-catalogues-automobiles.fr\/index.php\/2016\/05\/30\/geneve-2010\/","title":{"rendered":"SALON GEN\u00c8VE 2010"},"content":{"rendered":"<h1 class=\"titre\">Salon de gen\u00e8ve 2010<\/h1>\n<p>Comme chaque ann\u00e9e, c&rsquo;est en Suisse que s&rsquo;\u00e9veille l&rsquo;Europe de l&rsquo;automobile. Et cette \u00e9dition 2010 du Salon International de Gen\u00e8ve aura une saveur particuli\u00e8re car elle marque le premier vrai retour \u00e0 la normalit\u00e9 apr\u00e8s une ann\u00e9e de Salons 2009 jalonn\u00e9e de d\u00e9sistements et de rendez-vous manqu\u00e9s. Point de cela ici : d&rsquo;Abarth \u00e0 Zagato, tous devraient \u00eatre pr\u00e9sents pour f\u00eater la 80\u00e8me \u00e9dition du salon helv\u00e9tique, avec une pl\u00e9iade de nouveaut\u00e9s annonc\u00e9es, plus de 100 au total parmi lesquelles les stars Alfa Romeo Giulietta, Audi A1, Mini Countryman, Opel Meriva, Renault Wind ou encore Volkswagen Touareg. Un rendez-vous plac\u00e9 comme toujours sous le signe du progr\u00e8s avec les nouvelles trouvailles en terme d&rsquo;automobile verte, ainsi que les travaux d\u00e9voil\u00e9s par les carrossiers (Pininfarina, Bertone, IED, Rinspeed ou encore EDAG).<\/p>\n<div><\/div>\n","protected":false},"excerpt":{"rendered":"<div class=\"mh-excerpt\"><p>Salon de gen\u00e8ve 2010 Comme chaque ann\u00e9e, c&rsquo;est en Suisse que s&rsquo;\u00e9veille l&rsquo;Europe de l&rsquo;automobile. Et cette \u00e9dition 2010 du <a class=\"mh-excerpt-more\" href=\"https:\/\/archives-catalogues-automobiles.fr\/index.php\/2016\/05\/30\/geneve-2010\/\" title=\"SALON GEN\u00c8VE 2010\">[&#8230;]<\/a><\/p>\n<\/div>","protected":false},"author":1,"featured_media":138,"comment_status":"closed","ping_status":"closed","sticky":false,"template":"","format":"standard","meta":[],"categories":[729,14],"tags":[113,20,19],"acf":[],"_links":{"self":[{"href":"https:\/\/archives-catalogues-automobiles.fr\/index.php\/wp-json\/wp\/v2\/posts\/124"}],"collection":[{"href":"https:\/\/archives-catalogues-automobiles.fr\/index.php\/wp-json\/wp\/v2\/posts"}],"about":[{"href":"https:\/\/archives-catalogues-automobiles.fr\/index.php\/wp-json\/wp\/v2\/types\/post"}],"author":[{"embeddable":true,"href":"https:\/\/archives-catalogues-automobiles.fr\/index.php\/wp-json\/wp\/v2\/users\/1"}],"replies":[{"embeddable":true,"href":"https:\/\/archives-catalogues-automobiles.fr\/index.php\/wp-json\/wp\/v2\/comments?post=124"}],"version-history":[{"count":0,"href":"https:\/\/archives-catalogues-automobiles.fr\/index.php\/wp-json\/wp\/v2\/posts\/124\/revisions"}],"wp:featuredmedia":[{"embeddable":true,"href":"https:\/\/archives-catalogues-automobiles.fr\/index.php\/wp-json\/wp\/v2\/media\/138"}],"wp:attachment":[{"href":"https:\/\/archives-catalogues-automobiles.fr\/index.php\/wp-json\/wp\/v2\/media?parent=124"}],"wp:term":[{"taxonomy":"category","embeddable":true,"href":"https:\/\/archives-catalogues-automobiles.fr\/index.php\/wp-json\/wp\/v2\/categories?post=124"},{"taxonomy":"post_tag","embeddable":true,"href":"https:\/\/archives-catalogues-automobiles.fr\/index.php\/wp-json\/wp\/v2\/tags?post=124"}],"curies":[{"name":"wp","href":"https:\/\/api.w.org\/{rel}","templated":true}]}}