{"id":12265,"date":"2020-08-22T15:06:03","date_gmt":"2020-08-22T13:06:03","guid":{"rendered":"https:\/\/archives-catalogues-automobiles.fr\/?p=12265"},"modified":"2020-08-29T17:17:41","modified_gmt":"2020-08-29T15:17:41","slug":"catalogues-renault-siete-7","status":"publish","type":"post","link":"https:\/\/archives-catalogues-automobiles.fr\/index.php\/2020\/08\/22\/catalogues-renault-siete-7\/","title":{"rendered":"CATALOGUES RENAULT SIETE \/ 7"},"content":{"rendered":"<p><span style=\"font-family: Arial Black; font-size: medium;\">La Renault Siete (puis 7) est un mod\u00e8le destin\u00e9 \u00e0 l&rsquo;Espagne (et quasiment inconnu ailleurs), bas\u00e9 sur la Renault 5, dot\u00e9 de 4 portes, d&rsquo;un coffre et de pare-chocs m\u00e9talliques.<\/span><\/p>\n<p><span style=\"font-family: Arial Black; font-size: medium;\"><br \/>\n<\/span><\/p>\n<h2><span style=\"font-family: Arial Black; font-size: x-large;\">1. RENAULT SIETE \/ 7<\/span><\/h2>\n<table cellspacing=\"3\" cellpadding=\"3\" bgcolor=\"#C0C0C0\">\n<tbody>\n<tr>\n<td><img decoding=\"async\" loading=\"lazy\" src=\"https:\/\/archives-catalogues-automobiles.fr\/laurentbunnik\/AA-RE076000.jpg\" width=\"195\" height=\"148\" border=\"0\" \/><\/td>\n<td><img decoding=\"async\" loading=\"lazy\" src=\"https:\/\/archives-catalogues-automobiles.fr\/laurentbunnik\/AA-RE076001.jpg\" width=\"196\" height=\"148\" border=\"0\" \/><\/td>\n<td><img decoding=\"async\" loading=\"lazy\" src=\"https:\/\/archives-catalogues-automobiles.fr\/laurentbunnik\/AA-RE076002.jpg\" width=\"192\" height=\"150\" border=\"0\" \/><\/td>\n<td><img decoding=\"async\" loading=\"lazy\" src=\"https:\/\/archives-catalogues-automobiles.fr\/laurentbunnik\/AA-RE076003.jpg\" width=\"192\" height=\"149\" border=\"0\" \/><\/td>\n<\/tr>\n<tr>\n<td><span style=\"font-family: Arial Black; font-size: medium;\">RE076000<\/span><\/td>\n<td><span style=\"font-family: Arial Black;\">RE076001<\/span><\/td>\n<td><span style=\"font-family: Arial Black;\">RE076002<\/span><\/td>\n<td><span style=\"font-family: Arial Black;\">RE076003<\/span><\/td>\n<\/tr>\n<tr>\n<td><img decoding=\"async\" loading=\"lazy\" src=\"https:\/\/archives-catalogues-automobiles.fr\/laurentbunnik\/AA-RE076004.jpg\" width=\"149\" height=\"63\" border=\"0\" \/><\/td>\n<td><img decoding=\"async\" loading=\"lazy\" src=\"https:\/\/archives-catalogues-automobiles.fr\/laurentbunnik\/AA-RE076005.jpg\" width=\"191\" height=\"149\" border=\"0\" \/><\/td>\n<td><img decoding=\"async\" loading=\"lazy\" src=\"https:\/\/archives-catalogues-automobiles.fr\/laurentbunnik\/AA-RE076006.jpg\" width=\"191\" height=\"148\" border=\"0\" \/><\/td>\n<td><img decoding=\"async\" loading=\"lazy\" src=\"https:\/\/archives-catalogues-automobiles.fr\/laurentbunnik\/AA-RE076007.jpg\" width=\"149\" height=\"65\" border=\"0\" \/><\/td>\n<\/tr>\n<tr>\n<td><span style=\"font-family: Arial Black;\">RE076004<\/span><\/td>\n<td><span style=\"font-family: Arial Black;\">RE076005<\/span><\/td>\n<td><span style=\"font-family: Arial Black;\">RE076006<\/span><\/td>\n<td><span style=\"font-family: Arial Black;\">RE076007<\/span><\/td>\n<\/tr>\n<tr>\n<td><img decoding=\"async\" loading=\"lazy\" src=\"https:\/\/archives-catalogues-automobiles.fr\/laurentbunnik\/AA-RE076008.jpg\" width=\"191\" height=\"148\" border=\"0\" \/><\/td>\n<td><img decoding=\"async\" loading=\"lazy\" src=\"https:\/\/archives-catalogues-automobiles.fr\/laurentbunnik\/AA-RE076009.jpg\" width=\"149\" height=\"72\" border=\"0\" \/><\/td>\n<td><img decoding=\"async\" loading=\"lazy\" src=\"https:\/\/archives-catalogues-automobiles.fr\/laurentbunnik\/AA-RE076010.jpg\" width=\"191\" height=\"148\" border=\"0\" \/><\/td>\n<td><img decoding=\"async\" loading=\"lazy\" src=\"https:\/\/archives-catalogues-automobiles.fr\/laurentbunnik\/AA-RE078001.jpg\" width=\"191\" height=\"148\" border=\"0\" \/><\/td>\n<\/tr>\n<tr>\n<td><span style=\"font-family: Arial Black;\">RE076008<\/span><\/td>\n<td><span style=\"font-family: Arial Black;\">RE076009<\/span><\/td>\n<td><span style=\"font-family: Arial Black;\">RE076010<\/span><\/td>\n<td><span style=\"font-family: Arial Black;\">RE078001<\/span><\/td>\n<\/tr>\n<\/tbody>\n<\/table>\n<p><span style=\"font-family: Arial Black; font-size: small;\">RE076000-01, RENAULT SIETE, 1974, E, ref : DLM 26525 1974, 2 pages, format A4<\/span><\/p>\n<p><span style=\"font-family: Arial Black; font-size: small;\">RE076001-01, RENAULT SIETE, 1974, E, ref : DLM 26678 1974, 12 pages, format A4<\/span><\/p>\n<p><span style=\"font-family: Arial Black; font-size: small;\">RE076002-01, RENAULT SIETE, 1975, E, ref : DLM 27841 1975, 2 pages, format A4<\/span><\/p>\n<p><span style=\"font-family: Arial Black; font-size: small;\">RE076003-01, RENAULT SIETE, 1975, E, ref : DLM 29126 1975, 12 pages, format A4<\/span><\/p>\n<p><span style=\"font-family: Arial Black; font-size: small;\">RE076004-01, RENAULT SIETE, 1976, E, ref : DLM 36413 1976, 6 pages, format 1\/3 A4<\/span><\/p>\n<p><span style=\"font-family: Arial Black; font-size: small;\">RE076005-01, RENAULT SIETE, 1976, E, ref : DLM 27370 1976, 12 pages, format A4<\/span><\/p>\n<p><span style=\"font-family: Arial Black; font-size: small;\">RE076006-01, RENAULT SIETE, 1977, E, ref : DLM 29789 1977, 12 pages, format A4<\/span><\/p>\n<p><span style=\"font-family: Arial Black; font-size: small;\">RE076007-01, RENAULT 7, 1978, E, ref : DL VI 456 1978, 6 pages, format 1\/3 A4<\/span><\/p>\n<p><span style=\"font-family: Arial Black; font-size: small;\">RE076008-01, RENAULT 7, 1978, E, ref : DLB 27758 1979, 12 pages, format A4<\/span><\/p>\n<p><span style=\"font-family: Arial Black; font-size: small;\">RE076009-01, RENAULT 7, 1979, E, ref : DLB 29218 1979, 6 pages, format 1\/3 A4<\/span><\/p>\n<p><span style=\"font-family: Arial Black; font-size: small;\">RE076010-01, RENAULT 7, 1979, E, ref : DLB 29214 1979, 12 pages, format A4<\/span><\/p>\n<p><span style=\"font-family: Arial Black; font-size: small;\">RE078001-01, RENAULT 7 GTL, 1980, E, ref : DLM 27749 1980, 12 pages, format A4<\/span><\/p>\n<table cellspacing=\"3\" cellpadding=\"3\" bgcolor=\"#C0C0C0\">\n<tbody>\n<tr>\n<td><img decoding=\"async\" loading=\"lazy\" src=\"https:\/\/archives-catalogues-automobiles.fr\/laurentbunnik\/AA-RE078000.jpg\" width=\"191\" height=\"148\" border=\"0\" \/><\/td>\n<\/tr>\n<tr>\n<td><span style=\"font-family: Arial Black;\">RE078000<\/span><\/td>\n<\/tr>\n<\/tbody>\n<\/table>\n<p><span style=\"font-family: Arial Black; font-size: small;\">RE078000-01, RENAULT 7 GTL, 1981, E, ref : DLM 27914 1981, 12 pages, format A4<\/span><\/p>\n<p>&nbsp;<\/p>\n","protected":false},"excerpt":{"rendered":"<div class=\"mh-excerpt\"><p>La Renault Siete (puis 7) est un mod\u00e8le destin\u00e9 \u00e0 l&rsquo;Espagne (et quasiment inconnu ailleurs), bas\u00e9 sur la Renault 5, <a class=\"mh-excerpt-more\" href=\"https:\/\/archives-catalogues-automobiles.fr\/index.php\/2020\/08\/22\/catalogues-renault-siete-7\/\" title=\"CATALOGUES RENAULT SIETE \/ 7\">[&#8230;]<\/a><\/p>\n<\/div>","protected":false},"author":1,"featured_media":12266,"comment_status":"closed","ping_status":"closed","sticky":false,"template":"","format":"standard","meta":[],"categories":[107],"tags":[],"acf":[],"_links":{"self":[{"href":"https:\/\/archives-catalogues-automobiles.fr\/index.php\/wp-json\/wp\/v2\/posts\/12265"}],"collection":[{"href":"https:\/\/archives-catalogues-automobiles.fr\/index.php\/wp-json\/wp\/v2\/posts"}],"about":[{"href":"https:\/\/archives-catalogues-automobiles.fr\/index.php\/wp-json\/wp\/v2\/types\/post"}],"author":[{"embeddable":true,"href":"https:\/\/archives-catalogues-automobiles.fr\/index.php\/wp-json\/wp\/v2\/users\/1"}],"replies":[{"embeddable":true,"href":"https:\/\/archives-catalogues-automobiles.fr\/index.php\/wp-json\/wp\/v2\/comments?post=12265"}],"version-history":[{"count":0,"href":"https:\/\/archives-catalogues-automobiles.fr\/index.php\/wp-json\/wp\/v2\/posts\/12265\/revisions"}],"wp:featuredmedia":[{"embeddable":true,"href":"https:\/\/archives-catalogues-automobiles.fr\/index.php\/wp-json\/wp\/v2\/media\/12266"}],"wp:attachment":[{"href":"https:\/\/archives-catalogues-automobiles.fr\/index.php\/wp-json\/wp\/v2\/media?parent=12265"}],"wp:term":[{"taxonomy":"category","embeddable":true,"href":"https:\/\/archives-catalogues-automobiles.fr\/index.php\/wp-json\/wp\/v2\/categories?post=12265"},{"taxonomy":"post_tag","embeddable":true,"href":"https:\/\/archives-catalogues-automobiles.fr\/index.php\/wp-json\/wp\/v2\/tags?post=12265"}],"curies":[{"name":"wp","href":"https:\/\/api.w.org\/{rel}","templated":true}]}}