{"id":12251,"date":"2020-08-01T14:58:36","date_gmt":"2020-08-01T12:58:36","guid":{"rendered":"https:\/\/archives-catalogues-automobiles.fr\/?p=12251"},"modified":"2024-03-02T08:09:19","modified_gmt":"2024-03-02T07:09:19","slug":"catalogues-lazareth","status":"publish","type":"post","link":"https:\/\/archives-catalogues-automobiles.fr\/index.php\/2020\/08\/01\/catalogues-lazareth\/","title":{"rendered":"CATALOGUES LAZARETH"},"content":{"rendered":"<p><span style=\"font-family: Arial Black; font-size: medium;\">Ludovic Lazareth, ancien \u00e9l\u00e8ve de Franco Sbarro, produit en quantit\u00e9 tr\u00e8s r\u00e9duite des engins exclusifs et tr\u00e8s spectaculaires, \u00e0 deux, trois ou quatre roues, sur le principe de la surmotorisation (V8 ou V12) de v\u00e9hicules tr\u00e8s l\u00e9gers.<\/span><\/p>\n<div align=\"center\">\n<table border=\"1\" cellspacing=\"0\" cellpadding=\"0\" bgcolor=\"#C0C0C0\">\n<tbody>\n<tr>\n<td width=\"100%\"><span style=\"font-family: Arial Black;\">La Boutique ARCHIVES CATALOGUES AUTOMOBILES<\/span><\/td>\n<\/tr>\n<tr>\n<td width=\"100%\"><a href=\"https:\/\/www.archives-catalogues-automobiles.fr\/shop\/fr\/1202-lazareth\"><span style=\"font-family: Arial Black; font-size: small;\">CATALOGUES \/ BROCHURES LAZARETH A VENDRE \/ FOR SALE<\/span><\/a><\/td>\n<\/tr>\n<\/tbody>\n<\/table>\n<p>&nbsp;<\/p>\n<\/div>\n<p><span style=\"font-family: Arial Black; font-size: x-large;\">1. LAZARETH gamme<\/span><\/p>\n<table cellspacing=\"3\" cellpadding=\"3\" bgcolor=\"#C0C0C0\">\n<tbody>\n<tr>\n<td><img decoding=\"async\" loading=\"lazy\" src=\"https:\/\/archives-catalogues-automobiles.fr\/laurentbunnik\/QA-0LAZ4001.jpg\" width=\"139\" height=\"140\" border=\"0\" \/><\/td>\n<\/tr>\n<tr>\n<td><span style=\"font-family: Arial Black; font-size: medium;\">0LAZ4001<\/span><\/td>\n<\/tr>\n<\/tbody>\n<\/table>\n<p><span style=\"font-family: Arial Black; font-size: small;\">0LAZ4001-01, LAZARETH GAMME, 2019, F, 24 pages, format 2\/3 A4<\/span><\/p>\n<hr \/>\n<p><span style=\"font-family: Arial Black; font-size: x-large;\">2. LAZARETH Wazuma<\/span><\/p>\n<table cellspacing=\"3\" cellpadding=\"3\" bgcolor=\"#C0C0C0\">\n<tbody>\n<tr>\n<td><img decoding=\"async\" loading=\"lazy\" src=\"https:\/\/archives-catalogues-automobiles.fr\/laurentbunnik\/QA-0LAZ4000.jpg\" width=\"149\" height=\"210\" border=\"0\" \/><\/td>\n<\/tr>\n<tr>\n<td><span style=\"font-family: Arial Black; font-size: medium;\">0LAZ4000<\/span><\/td>\n<\/tr>\n<\/tbody>\n<\/table>\n<p><span style=\"font-family: Arial Black; font-size: small;\">0LAZ4000-01, LAZARETH WAZUMA V8F, 2015, INT ENG, 2 pages, format A4<\/span><\/p>\n<p>&nbsp;<\/p>\n","protected":false},"excerpt":{"rendered":"<div class=\"mh-excerpt\"><p>Ludovic Lazareth, ancien \u00e9l\u00e8ve de Franco Sbarro, produit en quantit\u00e9 tr\u00e8s r\u00e9duite des engins exclusifs et tr\u00e8s spectaculaires, \u00e0 deux, <a class=\"mh-excerpt-more\" href=\"https:\/\/archives-catalogues-automobiles.fr\/index.php\/2020\/08\/01\/catalogues-lazareth\/\" title=\"CATALOGUES LAZARETH\">[&#8230;]<\/a><\/p>\n<\/div>","protected":false},"author":1,"featured_media":12252,"comment_status":"closed","ping_status":"closed","sticky":false,"template":"","format":"standard","meta":[],"categories":[940],"tags":[],"acf":[],"_links":{"self":[{"href":"https:\/\/archives-catalogues-automobiles.fr\/index.php\/wp-json\/wp\/v2\/posts\/12251"}],"collection":[{"href":"https:\/\/archives-catalogues-automobiles.fr\/index.php\/wp-json\/wp\/v2\/posts"}],"about":[{"href":"https:\/\/archives-catalogues-automobiles.fr\/index.php\/wp-json\/wp\/v2\/types\/post"}],"author":[{"embeddable":true,"href":"https:\/\/archives-catalogues-automobiles.fr\/index.php\/wp-json\/wp\/v2\/users\/1"}],"replies":[{"embeddable":true,"href":"https:\/\/archives-catalogues-automobiles.fr\/index.php\/wp-json\/wp\/v2\/comments?post=12251"}],"version-history":[{"count":0,"href":"https:\/\/archives-catalogues-automobiles.fr\/index.php\/wp-json\/wp\/v2\/posts\/12251\/revisions"}],"wp:featuredmedia":[{"embeddable":true,"href":"https:\/\/archives-catalogues-automobiles.fr\/index.php\/wp-json\/wp\/v2\/media\/12252"}],"wp:attachment":[{"href":"https:\/\/archives-catalogues-automobiles.fr\/index.php\/wp-json\/wp\/v2\/media?parent=12251"}],"wp:term":[{"taxonomy":"category","embeddable":true,"href":"https:\/\/archives-catalogues-automobiles.fr\/index.php\/wp-json\/wp\/v2\/categories?post=12251"},{"taxonomy":"post_tag","embeddable":true,"href":"https:\/\/archives-catalogues-automobiles.fr\/index.php\/wp-json\/wp\/v2\/tags?post=12251"}],"curies":[{"name":"wp","href":"https:\/\/api.w.org\/{rel}","templated":true}]}}