{"id":11578,"date":"2019-03-08T15:23:53","date_gmt":"2019-03-08T14:23:53","guid":{"rendered":"http:\/\/archives-catalogues-automobiles.fr\/?p=11578"},"modified":"2019-03-08T15:23:53","modified_gmt":"2019-03-08T14:23:53","slug":"news-salon-de-geneve-2019","status":"publish","type":"post","link":"https:\/\/archives-catalogues-automobiles.fr\/index.php\/2019\/03\/08\/news-salon-de-geneve-2019\/","title":{"rendered":"NEWS SALON DE GENEVE 2019"},"content":{"rendered":"<p dir=\"ltr\"><span style=\"font-family: Arial Black;\">Nous ne comptons d\u00e9sormais plus sur les grandes marques pour assurer la fourniture de belles documentations quand ils nous font l&rsquo;honneur de se d\u00e9placer (car nous d\u00e9plorons l&rsquo;absence d&rsquo;Alpine, DS, Ford, Opel, Hyundai, Cadillac, Chevrolet, Jaguar, Land Rover, Lotus, Infiniti et Volvo) mais plut\u00f4t sur les artisans et constructeurs exotiques qui fournissent \u00e0 la fois le gros des nouveaut\u00e9s et des catalogues. Ce fut toutefois l&rsquo;occasion de contempler pour la premi\u00e8re fois quelques premi\u00e8res mondiales (Peugeot 208, Renault Clio, Alfa Romeo Tonale, Skoda Kamiq).\u00a0\u00a0\u00a0<\/span><span style=\"font-family: Arial Black; font-size: small;\">Laurent Bunnik<\/span><\/p>\n<h2><span style=\"font-family: Arial Black;\">CITROEN AMI ONE CONCEPT \/ SPACE TOURER THE CITROENIST CONCEPT<\/span><\/h2>\n<table cellspacing=\"3\" cellpadding=\"3\" bgcolor=\"#C0C0C0\">\n<tbody>\n<tr>\n<td><img decoding=\"async\" loading=\"lazy\" src=\"https:\/\/archives-catalogues-automobiles.fr\/laurentbunnik\/AA-CIZZ4045.jpg\" width=\"107\" height=\"70\" border=\"0\" \/><\/td>\n<td><img decoding=\"async\" loading=\"lazy\" src=\"https:\/\/archives-catalogues-automobiles.fr\/laurentbunnik\/AA-CIZZ4046.jpg\" width=\"108\" height=\"70\" border=\"0\" \/><\/td>\n<\/tr>\n<tr>\n<td><span style=\"font-family: Arial Black;\">CIZZ4045<\/span><\/td>\n<td><span style=\"font-family: Arial Black;\">CIZZ4046<\/span><\/td>\n<\/tr>\n<\/tbody>\n<\/table>\n<p><span style=\"font-family: Arial Black; font-size: small;\">Citro\u00ebn joue le grand \u00e9cart avec d&rsquo;une part un monospace d\u00e9riv\u00e9 d&rsquo;utilitaire baptis\u00e9 \u00ab\u00a0The Citroenist\u00a0\u00bb (par ironie ?) et d&rsquo;autre part l&rsquo;originale Ami One qui vient chasser sur les terres de Smart. Est-ce que ce mod\u00e8le annonce le retour des Ami ?<\/span><\/p>\n<p><a href=\"http:\/\/laurent.bunnik.archives-catalogues-automobiles.fr\/citcon01.html\"><span style=\"font-family: Arial Black; font-size: small;\">PAGE CITROEN CONCEPTS<\/span><\/a><\/p>\n<hr \/>\n<h2><span style=\"font-family: Arial Black;\">PORSCHE 911 CARRERA CABRIOLET \/ 718 T \/ MACAN S<\/span><\/h2>\n<table cellspacing=\"3\" cellpadding=\"3\" bgcolor=\"#C0C0C0\">\n<tbody>\n<tr>\n<td><img decoding=\"async\" loading=\"lazy\" src=\"https:\/\/archives-catalogues-automobiles.fr\/laurentbunnik\/BA-PO004449.jpg\" width=\"149\" height=\"209\" border=\"0\" \/><\/td>\n<\/tr>\n<tr>\n<td><span style=\"font-family: Arial Black;\">PO004449<\/span><\/td>\n<\/tr>\n<\/tbody>\n<\/table>\n<p><span style=\"font-family: Arial Black; font-size: small;\">Porsche compl\u00e8te sa gamme, avec tout d&rsquo;abord le cabriolet bas\u00e9 sur la nouvelle g\u00e9n\u00e9ration 911 type 992, puis la version d&rsquo;entr\u00e9e de gamme des Boxster \/ Cayman, la 718 T all\u00e9g\u00e9e de plusieurs \u00e9quipements, et enfin le Macan S de 354 ch.\u00a0<\/span><\/p>\n<p><a href=\"http:\/\/laurent.bunnik.archives-catalogues-automobiles.fr\/porgam03.html\"><span style=\"font-family: Arial Black; font-size: small;\">PAGE PORSCHE GAMME<\/span><\/a><\/p>\n<hr \/>\n<h2><span style=\"font-family: Arial Black;\">MORGAN PLUS 4 110 WORKS EDITION \/ PLUS SIX<\/span><\/h2>\n<table cellspacing=\"3\" cellpadding=\"3\" bgcolor=\"#C0C0C0\">\n<tbody>\n<tr>\n<td><img decoding=\"async\" loading=\"lazy\" src=\"https:\/\/archives-catalogues-automobiles.fr\/laurentbunnik\/FA-MN004084.jpg\" width=\"106\" height=\"148\" border=\"0\" \/><\/td>\n<td><img decoding=\"async\" loading=\"lazy\" src=\"https:\/\/archives-catalogues-automobiles.fr\/laurentbunnik\/FA-MN004085.jpg\" width=\"108\" height=\"149\" border=\"0\" \/><\/td>\n<\/tr>\n<tr>\n<td><span style=\"font-family: Arial Black;\">MN004084<\/span><\/td>\n<td><span style=\"font-family: Arial Black;\">MN004085<\/span><\/td>\n<\/tr>\n<\/tbody>\n<\/table>\n<p><span style=\"font-family: Arial Black; font-size: small;\">Les nouveaut\u00e9s Morgan se succ\u00e8dent, toujours sur la base de l&rsquo;ancienne carrosserie n\u00e9es dans les ann\u00e9es 30. La Plus 4 110 Works Edition c\u00e9l\u00e8bre les 110 ans de la firme avec un moteur Ford aff\u00fbt\u00e9\u00a0 et une finition sp\u00e9cifique, quant \u00e0 la Plus Six, elle \u00e9trenne un moteur BMW 3 litres de 335 ch ainsi qu&rsquo;un nouveau ch\u00e2ssis en aluminium, fruit de l&rsquo;exp\u00e9rience acquise avec les Aero 8 et d\u00e9riv\u00e9s.<\/span><\/p>\n<p><a href=\"http:\/\/laurent.bunnik.archives-catalogues-automobiles.fr\/morgam01.html\"><span style=\"font-family: Arial Black; font-size: small;\">PAGE MORGAN I-PACE<\/span><\/a><\/p>\n<hr \/>\n<h2><span style=\"font-family: Arial Black;\">FERRARI F8 TRIBUTO<\/span><\/h2>\n<table cellspacing=\"3\" cellpadding=\"3\" bgcolor=\"#C0C0C0\">\n<tbody>\n<tr>\n<td><img decoding=\"async\" loading=\"lazy\" src=\"https:\/\/archives-catalogues-automobiles.fr\/laurentbunnik\/GA-FEF84000.jpg\" width=\"87\" height=\"130\" border=\"0\" \/><\/td>\n<\/tr>\n<tr>\n<td><span style=\"font-family: Arial Black;\">FEF84000<\/span><\/td>\n<\/tr>\n<\/tbody>\n<\/table>\n<p><span style=\"font-family: Arial Black; font-size: small;\">Ferrari continue de faire \u00e9voluer la 458 (puis 488) qui s&rsquo;appelle maintenant F8 Tributo, et d\u00e9veloppe 530 ch \u00e0 partir de son 3.9 litres biturbo.<\/span><\/p>\n<p><a href=\"http:\/\/laurent.bunnik.archives-catalogues-automobiles.fr\/fer45801.html\"><span style=\"font-family: Arial Black; font-size: small;\">PAGE FERRARI 458 \/ 488 \/ F8 TRIBUTO<\/span><\/a><\/p>\n<hr \/>\n<h2><span style=\"font-family: Arial Black;\">LAMBORGHINI HURACAN EVO SPIDER \/ AVENTADOR SVJ ROADSTER<\/span><\/h2>\n<table cellspacing=\"3\" cellpadding=\"3\" bgcolor=\"#C0C0C0\">\n<tbody>\n<tr>\n<td><img decoding=\"async\" loading=\"lazy\" src=\"https:\/\/archives-catalogues-automobiles.fr\/laurentbunnik\/GA-LMHU4006.jpg\" width=\"149\" height=\"76\" border=\"0\" \/><\/td>\n<\/tr>\n<tr>\n<td><span style=\"font-family: Arial Black;\">LMHU4006<\/span><\/td>\n<\/tr>\n<\/tbody>\n<\/table>\n<p><span style=\"font-family: Arial Black; font-size: small;\">Cette ann\u00e9e est celle du d\u00e9veloppement des versions sportives d\u00e9couvertes : la Huracan Evo Spider d\u00e9veloppe 640 ch tandis que l&rsquo;Aventador SVJ Roaster atteint les 770 ch&#8230; tout cela sans aucun recours au turbo dans un cas comme dans l&rsquo;autre.\u00a0\u00a0<\/span><\/p>\n<p><a href=\"http:\/\/laurent.bunnik.archives-catalogues-automobiles.fr\/lamurr01.html\"><span style=\"font-family: Arial Black; font-size: small;\">PAGE LAMBORGHINI HURACAN<\/span><\/a><\/p>\n<hr \/>\n<h2><span style=\"font-family: Arial Black;\">LEXUS RC F TRACK EDITION \/ LC CONVERTIBLE CONCEPT<\/span><\/h2>\n<table cellspacing=\"3\" cellpadding=\"3\" bgcolor=\"#C0C0C0\">\n<tbody>\n<tr>\n<td><img decoding=\"async\" loading=\"lazy\" src=\"https:\/\/archives-catalogues-automobiles.fr\/laurentbunnik\/HA-LERC4006.jpg\" width=\"150\" height=\"199\" border=\"0\" \/><\/td>\n<\/tr>\n<tr>\n<td><span style=\"font-family: Arial Black;\">LERC4006<\/span><\/td>\n<\/tr>\n<\/tbody>\n<\/table>\n<p><span style=\"font-family: Arial Black; font-size: small;\">Lexus pr\u00e9sente une version extr\u00eame de sa RC F : avec 464 ch, elle va chercher la BMW M4&#8230; et parall\u00e8lement, un concept annonce la version d\u00e9couvrable de la LC.<\/span><\/p>\n<p><a href=\"http:\/\/laurent.bunnik.archives-catalogues-automobiles.fr\/toysup01.html\"><span style=\"font-family: Arial Black; font-size: small;\">PAGE LEXUS RC<\/span><\/a><\/p>\n<hr \/>\n<h2><span style=\"font-family: Arial Black;\">TOYOTA GR SUPRA<\/span><\/h2>\n<table cellspacing=\"3\" cellpadding=\"3\" bgcolor=\"#C0C0C0\">\n<tbody>\n<tr>\n<td><img decoding=\"async\" loading=\"lazy\" src=\"https:\/\/archives-catalogues-automobiles.fr\/laurentbunnik\/HA-TOSU4300.jpg\" width=\"109\" height=\"149\" border=\"0\" \/><\/td>\n<\/tr>\n<tr>\n<td><span style=\"font-family: Arial Black;\">TOSU4300<\/span><\/td>\n<\/tr>\n<\/tbody>\n<\/table>\n<p><span style=\"font-family: Arial Black; font-size: small;\">Pr\u00e8s de 20 ans apr\u00e8s l&rsquo;extinction de la pr\u00e9c\u00e9dente Supra, la nouvelle ne r\u00e9volutionne pas la cat\u00e9gorie : son 3 litres d\u00e9veloppe 340 ch (10 de plus que celle de 1993 !) et sa carrosserie partag\u00e9e avec la BMW Z4 ne brille pas par l&rsquo;harmonie de ses proportions.<\/span><\/p>\n<p><a href=\"http:\/\/laurent.bunnik.archives-catalogues-automobiles.fr\/toysup01.html\"><span style=\"font-family: Arial Black; font-size: small;\">PAGE TOYOTA SUPRA<\/span><\/a><\/p>\n<hr \/>\n<h2 dir=\"ltr\"><span style=\"font-family: Arial Black;\">SBARRO RENNER \/ MILES<\/span><\/h2>\n<table cellspacing=\"3\" cellpadding=\"3\" bgcolor=\"#C0C0C0\">\n<tbody>\n<tr>\n<td><img decoding=\"async\" loading=\"lazy\" src=\"https:\/\/archives-catalogues-automobiles.fr\/laurentbunnik\/JA-SRZZ4036.jpg\" width=\"107\" height=\"74\" border=\"0\" \/><\/td>\n<td><img decoding=\"async\" loading=\"lazy\" src=\"https:\/\/archives-catalogues-automobiles.fr\/laurentbunnik\/JA-SRZZ4037.jpg\" width=\"107\" height=\"74\" border=\"0\" \/><\/td>\n<\/tr>\n<tr>\n<td><span style=\"font-family: Arial Black;\">SRZZ4036<\/span><\/td>\n<td><span style=\"font-family: Arial Black;\">SRZZ4037<\/span><\/td>\n<\/tr>\n<\/tbody>\n<\/table>\n<p><span style=\"font-family: Arial Black; font-size: small;\">Comme chaque ann\u00e9e, la pr\u00e9sentation des travaux des \u00e9l\u00e8ves de l&rsquo;\u00e9cole Espera garnit le stand Sbarro. Encore une fois, si la r\u00e9alisation est soign\u00e9e, la cr\u00e9ativit\u00e9 n&rsquo;est pas de mise, entre une Renner \u00e9voquant une Porsche 904 et la Miles inspir\u00e9e des bolides d&rsquo;Indianapolis.<\/span><\/p>\n<p><a href=\"http:\/\/laurent.bunnik.archives-catalogues-automobiles.fr\/sbagam01.html\"><span style=\"font-family: Arial Black; font-size: small;\">PAGE SBARRO<\/span><\/a><\/p>\n<hr \/>\n<h2><span style=\"font-family: Arial Black;\">DEVINCI DB 718<\/span><\/h2>\n<table cellspacing=\"3\" cellpadding=\"3\" bgcolor=\"#C0C0C0\">\n<tbody>\n<tr>\n<td><img decoding=\"async\" loading=\"lazy\" src=\"https:\/\/archives-catalogues-automobiles.fr\/laurentbunnik\/QA-0DEV4000.jpg\" width=\"151\" height=\"105\" border=\"0\" \/><\/td>\n<\/tr>\n<tr>\n<td><span style=\"font-family: Arial Black;\">0DEV4000<\/span><\/td>\n<\/tr>\n<\/tbody>\n<\/table>\n<p><span style=\"font-family: Arial Black; font-size: small;\">Certains l&rsquo;ont d\u00e9j\u00e0 vue \u00e0 R\u00e9tromobile : la Devinci (ne pas confondre avec la Giugiaro Davinci !) DB 718 (Non, elle ne doit rien \u00e0 Porsche), est une voiture \u00e9lectrique rappelant le style des sportuives d&rsquo;avant-guerre, m\u00eame si elle ne copie aucun mod\u00e8le en particulier.\u00a0\u00a0<\/span><\/p>\n<p><a href=\"http:\/\/laurent.bunnik.archives-catalogues-automobiles.fr\/0dev0001.html\"><span style=\"font-family: Arial Black; font-size: small;\">PAGE DEVINCI<\/span><\/a><\/p>\n<hr \/>\n<h2><span style=\"font-family: Arial Black;\">ROLAND GUMPERT NATHALIE<\/span><\/h2>\n<table cellspacing=\"3\" cellpadding=\"3\" bgcolor=\"#C0C0C0\">\n<tbody>\n<tr>\n<td><img decoding=\"async\" loading=\"lazy\" src=\"https:\/\/archives-catalogues-automobiles.fr\/laurentbunnik\/RA-1GUM4007.jpg\" width=\"171\" height=\"135\" border=\"0\" \/><\/td>\n<\/tr>\n<tr>\n<td><span style=\"font-family: Arial Black;\">1GUM4007<\/span><\/td>\n<\/tr>\n<\/tbody>\n<\/table>\n<p><span style=\"font-family: Arial Black; font-size: small;\">Roland Gumpert, ancien patron d&rsquo;Audi Motorsport, a d&rsquo;abord fond\u00e9 sa marque en 2005, fait faillite en 2012, repart sous la marque GSM Gumpert en 2013, pour un an \u00e0 peine, se relance sous la marque Apollo en collaboration avec SCG et les capitaux d&rsquo;Idal Team Vernture en 2016, sans plus de succ\u00e8s, et enfin conna\u00eet un quatri\u00e8me d\u00e9marrage avec le chinois Aiways cette ann\u00e9e ! C&rsquo;est maintenant un mod\u00e8le \u00e9lectrique qui porte son nom.<\/span><\/p>\n<p><a href=\"http:\/\/laurent.bunnik.archives-catalogues-automobiles.fr\/1gum0001.html\"><span style=\"font-family: Arial Black; font-size: small;\">PAGE GUMPERT<\/span><\/a><\/p>\n<hr \/>\n<h2><span style=\"font-family: Arial Black;\">PIECH MARK ZERO<\/span><\/h2>\n<table cellspacing=\"3\" cellpadding=\"3\" bgcolor=\"#C0C0C0\">\n<tbody>\n<tr>\n<td><img decoding=\"async\" loading=\"lazy\" src=\"https:\/\/archives-catalogues-automobiles.fr\/laurentbunnik\/RA-1PIE4000.jpg\" width=\"153\" height=\"199\" border=\"0\" \/><\/td>\n<\/tr>\n<tr>\n<td><span style=\"font-family: Arial Black;\">1PIE4000<\/span><\/td>\n<\/tr>\n<\/tbody>\n<\/table>\n<p><span style=\"font-family: Arial Black; font-size: small;\">Fils de Ferdinand Pi\u00ebch, et donc h\u00e9ritier d&rsquo;une brillante dynastie automobile, le jeune Toni Pi\u00ebch se lance dans l&rsquo;aventure \u00e0 son tour avec une sportive \u00e9lectrique aux lignes tr\u00e8s classiques. Elle promet une autonomie de 500 km, et la recharge de 80 % des batteries en&#8230; moins de cinq minutes !<\/span><\/p>\n<p><a href=\"http:\/\/laurent.bunnik.archives-catalogues-automobiles.fr\/1pie0001.html\"><span style=\"font-family: Arial Black; font-size: small;\">PAGE PIECH<\/span><\/a><\/p>\n<hr \/>\n<h2><span style=\"font-family: Arial Black;\">ARCFOX GT \/ ECF<\/span><\/h2>\n<table cellspacing=\"3\" cellpadding=\"3\" bgcolor=\"#C0C0C0\">\n<tbody>\n<tr>\n<td><img decoding=\"async\" loading=\"lazy\" src=\"https:\/\/archives-catalogues-automobiles.fr\/laurentbunnik\/RA-3ARC4000.jpg\" width=\"153\" height=\"163\" border=\"0\" \/><\/td>\n<td><img decoding=\"async\" loading=\"lazy\" src=\"https:\/\/archives-catalogues-automobiles.fr\/laurentbunnik\/RA-3ARC4001.jpg\" width=\"153\" height=\"168\" border=\"0\" \/><\/td>\n<\/tr>\n<tr>\n<td><span style=\"font-family: Arial Black;\">3ARC4000<\/span><\/td>\n<td><span style=\"font-family: Arial Black;\">3ARC4001<\/span><\/td>\n<\/tr>\n<\/tbody>\n<\/table>\n<p><span style=\"font-family: Arial Black; font-size: small;\">Arcfox est un nouveau constructeur chinois voulant se partager le potentiel pactole des voitures \u00e9lectriques. Apr\u00e8s sa GT de 1000 ch (!), voici en premi\u00e8re mondiale l&rsquo;ECF, un SUV aux formes plus classiques (dessin\u00e9 par Walter de Silva) qui devra repr\u00e9senter l&rsquo;essentiel des ventes.<\/span><\/p>\n<p><a href=\"http:\/\/laurent.bunnik.archives-catalogues-automobiles.fr\/3arc0001.html\"><span style=\"font-family: Arial Black; font-size: small;\">PAGE ARCFOX<\/span><\/a><\/p>\n<hr \/>\n<h2><span style=\"font-family: Arial Black;\">ZENVO TSR-S<\/span><\/h2>\n<table cellspacing=\"3\" cellpadding=\"3\" bgcolor=\"#C0C0C0\">\n<tbody>\n<tr>\n<td><img decoding=\"async\" loading=\"lazy\" src=\"https:\/\/archives-catalogues-automobiles.fr\/laurentbunnik\/RA-9ZEN4012.jpg\" width=\"152\" height=\"187\" border=\"0\" \/><\/td>\n<td><img decoding=\"async\" loading=\"lazy\" src=\"https:\/\/archives-catalogues-automobiles.fr\/laurentbunnik\/RA-9ZEN4017.jpg\" width=\"148\" height=\"105\" border=\"0\" \/><\/td>\n<td><img decoding=\"async\" loading=\"lazy\" src=\"https:\/\/archives-catalogues-automobiles.fr\/laurentbunnik\/RA-9ZEN4018.jpg\" width=\"151\" height=\"104\" border=\"0\" \/><\/td>\n<\/tr>\n<tr>\n<td><span style=\"font-family: Arial Black;\">9ZEN4012<\/span><\/td>\n<td><span style=\"font-family: Arial Black;\">9ZEN4017<\/span><\/td>\n<td><span style=\"font-family: Arial Black;\">9ZEN4018<\/span><\/td>\n<\/tr>\n<\/tbody>\n<\/table>\n<p><span style=\"font-family: Arial Black; font-size: small;\">Apr\u00e8s avoir \u00e9t\u00e9 pr\u00e9sent\u00e9 l&rsquo;an dernier en avant-premi\u00e8re, la TSR-S est maintenant en production (et disponible dans d&rsquo;autres couleurs qu&rsquo;orange !).<\/span><\/p>\n<p><a href=\"http:\/\/laurent.bunnik.archives-catalogues-automobiles.fr\/9zen0001.html\"><span style=\"font-family: Arial Black; font-size: small;\">PAGE ZENVO<\/span><\/a><\/p>\n<hr \/>\n<h2><span style=\"font-family: Arial Black;\">RCH<\/span><\/h2>\n<table cellspacing=\"3\" cellpadding=\"3\" bgcolor=\"#C0C0C0\">\n<tbody>\n<tr>\n<td><img decoding=\"async\" loading=\"lazy\" src=\"https:\/\/archives-catalogues-automobiles.fr\/laurentbunnik\/RA-9RCH4000.jpg\" width=\"147\" height=\"202\" border=\"0\" \/><\/td>\n<td><img decoding=\"async\" loading=\"lazy\" src=\"https:\/\/archives-catalogues-automobiles.fr\/laurentbunnik\/RA-9RCH4001.jpg\" width=\"160\" height=\"74\" border=\"0\" \/><\/td>\n<td><img decoding=\"async\" loading=\"lazy\" src=\"https:\/\/archives-catalogues-automobiles.fr\/laurentbunnik\/RA-9RCH4002.jpg\" width=\"161\" height=\"75\" border=\"0\" \/><\/td>\n<\/tr>\n<tr>\n<td><span style=\"font-family: Arial Black;\">9RCH4000<\/span><\/td>\n<td><span style=\"font-family: Arial Black;\">9RCH4001<\/span><\/td>\n<td><span style=\"font-family: Arial Black;\">9RCH4002<\/span><\/td>\n<\/tr>\n<\/tbody>\n<\/table>\n<p><span style=\"font-family: Arial Black; font-size: small;\">RCH (Replicar Hellas), commer son nom l&rsquo;indique, vient de Gr\u00e8ce, et nous propose une \u00e8ni\u00e8me r\u00e9plique de Porsche 356 \/ 550. Comme nous savons la marque allemande tr\u00e8s chatouilleuse sur l&rsquo;utilisation de son patrimoine, nous verrons combien de temps la petite aventure va durer&#8230;<\/span><\/p>\n<p><a href=\"http:\/\/laurent.bunnik.archives-catalogues-automobiles.fr\/9rch0001.html\"><span style=\"font-family: Arial Black; font-size: small;\">PAGE RCH<\/span><\/a><\/p>\n<hr \/>\n<h2><span style=\"font-family: Arial Black;\">FORNASARI GIGI 311 GT<\/span><\/h2>\n<table cellspacing=\"3\" cellpadding=\"3\" bgcolor=\"#C0C0C0\">\n<tbody>\n<tr>\n<td><img decoding=\"async\" loading=\"lazy\" src=\"https:\/\/archives-catalogues-automobiles.fr\/laurentbunnik\/RA-7FOR4010.jpg\" width=\"149\" height=\"211\" border=\"0\" \/><\/td>\n<\/tr>\n<tr>\n<td><span style=\"font-family: Arial Black;\">7FOR4010<\/span><\/td>\n<\/tr>\n<\/tbody>\n<\/table>\n<p><span style=\"font-family: Arial Black; font-size: small;\">Fornasari, connu pour ses SUV survitamin\u00e9s dans les ann\u00e9es 2000, revient avec la Gigi, une sportive au look d\u00e9lib\u00e9r\u00e9ment r\u00e9tro, cachant un soubassement de Corvette C4.<\/span><\/p>\n<p><a href=\"http:\/\/laurent.bunnik.archives-catalogues-automobiles.fr\/7for0001.html\"><span style=\"font-family: Arial Black; font-size: small;\">PAGE FORNASARI<\/span><\/a><\/p>\n<hr \/>\n<h2><span style=\"font-family: Arial Black;\">IED TOMO<\/span><\/h2>\n<table cellspacing=\"3\" cellpadding=\"3\" bgcolor=\"#C0C0C0\">\n<tbody>\n<tr>\n<td><img decoding=\"async\" loading=\"lazy\" src=\"https:\/\/archives-catalogues-automobiles.fr\/laurentbunnik\/RA-7IED4000.jpg\" width=\"108\" height=\"148\" border=\"0\" \/><\/td>\n<\/tr>\n<tr>\n<td><span style=\"font-family: Arial Black;\">7IED4000<\/span><\/td>\n<\/tr>\n<\/tbody>\n<\/table>\n<p><span style=\"font-family: Arial Black; font-size: small;\">IED pr\u00e9sente parfois les travaux de ses \u00e9tudiants, avec parfois des approches int\u00e9ressantes, comme ce petit concept urbain bas\u00e9 sur une plate-forme Honda.\u00a0<\/span><\/p>\n<p><a href=\"http:\/\/laurent.bunnik.archives-catalogues-automobiles.fr\/7ied0001.html\"><span style=\"font-family: Arial Black; font-size: small;\">PAGE IED<\/span><\/a><\/p>\n<hr \/>\n<h2><span style=\"font-family: Arial Black;\">M.A.T. STRATOS<\/span><\/h2>\n<table cellspacing=\"3\" cellpadding=\"3\" bgcolor=\"#C0C0C0\">\n<tbody>\n<tr>\n<td><img decoding=\"async\" loading=\"lazy\" src=\"https:\/\/archives-catalogues-automobiles.fr\/laurentbunnik\/RA-7MAT4002.jpg\" width=\"210\" height=\"149\" border=\"0\" \/><\/td>\n<\/tr>\n<tr>\n<td><span style=\"font-family: Arial Black;\">7MAT4002<\/span><\/td>\n<\/tr>\n<\/tbody>\n<\/table>\n<p><span style=\"font-family: Arial Black; font-size: small;\">Manifattura Automobili Torino est l&rsquo;h\u00e9ritier des petits artisans italiens capables de produire des toutes petites s\u00e9ries pour r\u00e9pondre \u00e0 des demandes individuelles. Paolo Garella vient d&rsquo;ailleurs de Pininfarina et et MAT a d\u00e9j\u00e0 travaill\u00e9 pour SCG et Apollo et va d\u00e9velopper la Owl pour Aspark. La Stratos, d\u00e9j\u00e0 vue l&rsquo;an dernier, voit son lancement en petite s\u00e9rie confirm\u00e9 (25 exemplaires, soit autant de Ferrari F430 \u00ab\u00a0donneuses\u00a0\u00bb \u00e0 trouver !).<\/span><\/p>\n<p><a href=\"http:\/\/laurent.bunnik.archives-catalogues-automobiles.fr\/7mat0001.html\"><span style=\"font-family: Arial Black; font-size: small;\">PAGE MAT<\/span><\/a><\/p>\n<hr \/>\n<h2><span style=\"font-family: Arial Black; font-size: x-large;\">KOENIGSEGG JESKO<\/span><\/h2>\n<table cellspacing=\"3\" cellpadding=\"3\" bgcolor=\"#C0C0C0\">\n<tbody>\n<tr>\n<td><img decoding=\"async\" loading=\"lazy\" src=\"https:\/\/archives-catalogues-automobiles.fr\/laurentbunnik\/RA-9KOE4017.jpg\" width=\"149\" height=\"189\" border=\"0\" \/><\/td>\n<td><img decoding=\"async\" loading=\"lazy\" src=\"https:\/\/archives-catalogues-automobiles.fr\/laurentbunnik\/RA-9KOE4018.jpg\" width=\"153\" height=\"211\" border=\"0\" \/><\/td>\n<\/tr>\n<tr>\n<td><span style=\"font-family: Arial Black; font-size: medium;\">9KOE4017<\/span><\/td>\n<td><span style=\"font-family: Arial Black;\">9KOE4018<\/span><\/td>\n<\/tr>\n<\/tbody>\n<\/table>\n<p><span style=\"font-family: Arial Black; font-size: small;\">Koenigsegg lance un nouveau mod\u00e8le, la Jesko (le pr\u00e9nom du p\u00e8re de Christian Koenigsegg, qui a beaucoup contribu\u00e9 \u00e0 soutenir le projet dans les ann\u00e9es 90), qui se distingue par des lignes plus fluides.\u00a0<\/span><\/p>\n<p><a href=\"http:\/\/laurent.bunnik.archives-catalogues-automobiles.fr\/9koe0001.html\"><span style=\"font-family: Arial Black; font-size: small;\">PAGE KOENIGSEGG<\/span><\/a><\/p>\n<hr \/>\n<h2><span style=\"font-family: Arial Black; font-size: x-large;\">RINSPEED MICRO-SNAP<\/span><\/h2>\n<table cellspacing=\"3\" cellpadding=\"3\" bgcolor=\"#C0C0C0\">\n<tbody>\n<tr>\n<td><img decoding=\"async\" loading=\"lazy\" src=\"https:\/\/archives-catalogues-automobiles.fr\/laurentbunnik\/RA-9RIN4022.jpg\" width=\"153\" height=\"211\" border=\"0\" \/><\/td>\n<\/tr>\n<tr>\n<td><span style=\"font-family: Arial Black; font-size: medium;\">9RIN4022<\/span><\/td>\n<\/tr>\n<\/tbody>\n<\/table>\n<p><span style=\"font-family: Arial Black; font-size: small;\">M\u00eame principe que la Snap vue l&rsquo;an dernier (une cellule amovible interchangeable sur une plateforme \u00e9lectrique)&#8230; mais comme son nom l&rsquo;indique, le format est r\u00e9duit : deux places seulement cette fois.<\/span><\/p>\n<p><a href=\"http:\/\/laurent.bunnik.archives-catalogues-automobiles.fr\/9rin0001.html\"><span style=\"font-family: Arial Black; font-size: small;\">PAGE RINSPEED<\/span><\/a><\/p>\n","protected":false},"excerpt":{"rendered":"<div class=\"mh-excerpt\"><p>Nous ne comptons d\u00e9sormais plus sur les grandes marques pour assurer la fourniture de belles documentations quand ils nous font <a class=\"mh-excerpt-more\" href=\"https:\/\/archives-catalogues-automobiles.fr\/index.php\/2019\/03\/08\/news-salon-de-geneve-2019\/\" title=\"NEWS SALON DE GENEVE 2019\">[&#8230;]<\/a><\/p>\n<\/div>","protected":false},"author":1,"featured_media":11579,"comment_status":"closed","ping_status":"closed","sticky":false,"template":"","format":"standard","meta":[],"categories":[902],"tags":[],"acf":[],"_links":{"self":[{"href":"https:\/\/archives-catalogues-automobiles.fr\/index.php\/wp-json\/wp\/v2\/posts\/11578"}],"collection":[{"href":"https:\/\/archives-catalogues-automobiles.fr\/index.php\/wp-json\/wp\/v2\/posts"}],"about":[{"href":"https:\/\/archives-catalogues-automobiles.fr\/index.php\/wp-json\/wp\/v2\/types\/post"}],"author":[{"embeddable":true,"href":"https:\/\/archives-catalogues-automobiles.fr\/index.php\/wp-json\/wp\/v2\/users\/1"}],"replies":[{"embeddable":true,"href":"https:\/\/archives-catalogues-automobiles.fr\/index.php\/wp-json\/wp\/v2\/comments?post=11578"}],"version-history":[{"count":0,"href":"https:\/\/archives-catalogues-automobiles.fr\/index.php\/wp-json\/wp\/v2\/posts\/11578\/revisions"}],"wp:featuredmedia":[{"embeddable":true,"href":"https:\/\/archives-catalogues-automobiles.fr\/index.php\/wp-json\/wp\/v2\/media\/11579"}],"wp:attachment":[{"href":"https:\/\/archives-catalogues-automobiles.fr\/index.php\/wp-json\/wp\/v2\/media?parent=11578"}],"wp:term":[{"taxonomy":"category","embeddable":true,"href":"https:\/\/archives-catalogues-automobiles.fr\/index.php\/wp-json\/wp\/v2\/categories?post=11578"},{"taxonomy":"post_tag","embeddable":true,"href":"https:\/\/archives-catalogues-automobiles.fr\/index.php\/wp-json\/wp\/v2\/tags?post=11578"}],"curies":[{"name":"wp","href":"https:\/\/api.w.org\/{rel}","templated":true}]}}