{"id":11183,"date":"2018-08-25T11:40:41","date_gmt":"2018-08-25T09:40:41","guid":{"rendered":"http:\/\/archives-catalogues-automobiles.fr\/?p=11183"},"modified":"2022-06-18T10:15:07","modified_gmt":"2022-06-18T08:15:07","slug":"catalogues-mercedes-x-2017","status":"publish","type":"post","link":"https:\/\/archives-catalogues-automobiles.fr\/index.php\/2018\/08\/25\/catalogues-mercedes-x-2017\/","title":{"rendered":"CATALOGUES MERCEDES X 2017 &#8211; 2020"},"content":{"rendered":"<p><span style=\"font-family: Arial Black;\">Bien que sa gamme de voitures de tourisme et d&rsquo;utilitaires soit tr\u00e8s fournie, Mercedes a toujours \u00e9t\u00e9 absent du march\u00e9 des pick-ups. C&rsquo;est une lacune r\u00e9par\u00e9e fin 2017 avec le classe X, qui est un clone du Nissan Navara (et Renault Alaskan). L&rsquo;exp\u00e9rience ne sera pas concluante et sera rapidement close.<\/span><\/p>\n<h2><span style=\"font-family: Arial Black; font-size: x-large;\">1. MERCEDES X<\/span><\/h2>\n<table cellspacing=\"3\" cellpadding=\"3\" bgcolor=\"#C0C0C0\">\n<tbody>\n<tr>\n<td><img decoding=\"async\" loading=\"lazy\" src=\"https:\/\/archives-catalogues-automobiles.fr\/laurentbunnik\/BA-MEX01000.jpg\" width=\"150\" height=\"76\" border=\"0\" \/><\/td>\n<td><img decoding=\"async\" loading=\"lazy\" src=\"https:\/\/archives-catalogues-automobiles.fr\/laurentbunnik\/BA-MEX01001.jpg\" width=\"201\" height=\"139\" border=\"0\" \/><\/td>\n<td><img decoding=\"async\" loading=\"lazy\" src=\"https:\/\/archives-catalogues-automobiles.fr\/laurentbunnik\/BA-MEX01002.jpg\" width=\"148\" height=\"105\" border=\"0\" \/><\/td>\n<td><img decoding=\"async\" loading=\"lazy\" src=\"https:\/\/archives-catalogues-automobiles.fr\/laurentbunnik\/BA-MEX01003.jpg\" width=\"171\" height=\"114\" border=\"0\" \/><\/td>\n<\/tr>\n<tr>\n<td><span style=\"font-family: Arial Black; font-size: medium;\">MEX01000<\/span><\/td>\n<td><span style=\"font-family: Arial Black;\">MEX01001<\/span><\/td>\n<td><span style=\"font-family: Arial Black;\">MEX01002<\/span><\/td>\n<td><span style=\"font-family: Arial Black;\">MEX01003<\/span><\/td>\n<\/tr>\n<tr>\n<td><img decoding=\"async\" loading=\"lazy\" src=\"https:\/\/archives-catalogues-automobiles.fr\/laurentbunnik\/BA-MEX01004.jpg\" width=\"198\" height=\"141\" border=\"0\" \/><\/td>\n<td><\/td>\n<td><\/td>\n<td><\/td>\n<\/tr>\n<tr>\n<td><span style=\"font-family: Arial Black;\">MEX01004<\/span><\/td>\n<td><\/td>\n<td><\/td>\n<td><\/td>\n<\/tr>\n<\/tbody>\n<\/table>\n<p><span style=\"font-family: Arial Black; font-size: small;\">MEX01000-01, MERCEDES X, 2017, D, 16 pages, format 1\/3 A4<\/span><\/p>\n<p><span style=\"font-family: Arial Black; font-size: small;\">MEX01001-03, MERCEDES X, 09\/2017, F, ref : VAN VMD 4970 2A900 7300, 24 pages, format 3\/4 A4<br \/>\nMEX01001-01, MERCEDES X, 09\/2017, INT FRA, ref : VAN VMD 4970 2A900 9300, 24 pages, format 3\/4 A4<br \/>\nMEX01001-02, MERCEDES X, 09\/2017, B FRA, ref : VAN VMD 4970 2A900 1300, 24 pages, format 3\/4 A4<br \/>\nMEX01001-04, MERCEDES X, 09\/2017, CH ITA, ref : VAN VMD 4970 2A900 9600, 24 pages, format 3\/4 A4<\/span><\/p>\n<p><span style=\"font-family: Arial Black; font-size: small;\">MEX01002-01, MERCEDES X, 01\/2018, F, 2 pages, format 1\/2 A4<\/span><\/p>\n<p><span style=\"font-family: Arial Black; font-size: small;\">MEX01003-01, MERCEDES X, 07\/2018, I, ref : VAN VMD 4970 2B900 0601, 56 pages, format 2\/3 A4<\/span><\/p>\n<p><span style=\"font-family: Arial Black; font-size: small;\">MEX01004-01, MERCEDES X \/ V, 12\/2018, B FRA, 16 pages, format A4<\/span><\/p>\n<hr \/>\n<h2><span style=\"font-family: Arial Black;\">2<\/span><span style=\"font-family: Arial Black; font-size: x-large;\">. MERCEDES X<\/span><\/h2>\n<table cellspacing=\"3\" cellpadding=\"3\" bgcolor=\"#C0C0C0\">\n<tbody>\n<tr>\n<td><img decoding=\"async\" loading=\"lazy\" src=\"https:\/\/archives-catalogues-automobiles.fr\/laurentbunnik\/BE-MEX01100.jpg\" width=\"148\" height=\"106\" border=\"0\" \/><\/td>\n<\/tr>\n<tr>\n<td><span style=\"font-family: Arial Black; font-size: medium;\">MEX01100<\/span><\/td>\n<\/tr>\n<\/tbody>\n<\/table>\n<p><span style=\"font-family: Arial Black; font-size: small;\">MEX01100-01, MERCEDES X V6, 2018, F, 2 pages, format 1\/2 A4<\/span><\/p>\n<p>&nbsp;<\/p>\n","protected":false},"excerpt":{"rendered":"<div class=\"mh-excerpt\"><p>Bien que sa gamme de voitures de tourisme et d&rsquo;utilitaires soit tr\u00e8s fournie, Mercedes a toujours \u00e9t\u00e9 absent du march\u00e9 <a class=\"mh-excerpt-more\" href=\"https:\/\/archives-catalogues-automobiles.fr\/index.php\/2018\/08\/25\/catalogues-mercedes-x-2017\/\" title=\"CATALOGUES MERCEDES X 2017 &#8211; 2020\">[&#8230;]<\/a><\/p>\n<\/div>","protected":false},"author":1,"featured_media":11184,"comment_status":"closed","ping_status":"closed","sticky":false,"template":"","format":"standard","meta":[],"categories":[72],"tags":[],"acf":[],"_links":{"self":[{"href":"https:\/\/archives-catalogues-automobiles.fr\/index.php\/wp-json\/wp\/v2\/posts\/11183"}],"collection":[{"href":"https:\/\/archives-catalogues-automobiles.fr\/index.php\/wp-json\/wp\/v2\/posts"}],"about":[{"href":"https:\/\/archives-catalogues-automobiles.fr\/index.php\/wp-json\/wp\/v2\/types\/post"}],"author":[{"embeddable":true,"href":"https:\/\/archives-catalogues-automobiles.fr\/index.php\/wp-json\/wp\/v2\/users\/1"}],"replies":[{"embeddable":true,"href":"https:\/\/archives-catalogues-automobiles.fr\/index.php\/wp-json\/wp\/v2\/comments?post=11183"}],"version-history":[{"count":0,"href":"https:\/\/archives-catalogues-automobiles.fr\/index.php\/wp-json\/wp\/v2\/posts\/11183\/revisions"}],"wp:featuredmedia":[{"embeddable":true,"href":"https:\/\/archives-catalogues-automobiles.fr\/index.php\/wp-json\/wp\/v2\/media\/11184"}],"wp:attachment":[{"href":"https:\/\/archives-catalogues-automobiles.fr\/index.php\/wp-json\/wp\/v2\/media?parent=11183"}],"wp:term":[{"taxonomy":"category","embeddable":true,"href":"https:\/\/archives-catalogues-automobiles.fr\/index.php\/wp-json\/wp\/v2\/categories?post=11183"},{"taxonomy":"post_tag","embeddable":true,"href":"https:\/\/archives-catalogues-automobiles.fr\/index.php\/wp-json\/wp\/v2\/tags?post=11183"}],"curies":[{"name":"wp","href":"https:\/\/api.w.org\/{rel}","templated":true}]}}