{"id":10883,"date":"2018-01-13T16:31:16","date_gmt":"2018-01-13T15:31:16","guid":{"rendered":"http:\/\/archives-catalogues-automobiles.fr\/?p=10883"},"modified":"2018-01-13T16:31:16","modified_gmt":"2018-01-13T15:31:16","slug":"catalogues-veritas","status":"publish","type":"post","link":"https:\/\/archives-catalogues-automobiles.fr\/index.php\/2018\/01\/13\/catalogues-veritas\/","title":{"rendered":"CATALOGUES VERITAS"},"content":{"rendered":"<p><span style=\"font-family: 'Arial Black'; font-size: medium;\">Dans la s\u00e9rie des r\u00e9surrections de marques disparues, m\u00eame la rarissime et \u00e9ph\u00e9m\u00e8re Veritas fait son come-back&#8230; tout aussi \u00e9ph\u00e9m\u00e8re et fugace !<\/span><\/p>\n<table cellspacing=\"3\" cellpadding=\"3\" bgcolor=\"#C0C0C0\">\n<tbody>\n<tr>\n<td><img decoding=\"async\" loading=\"lazy\" src=\"https:\/\/archives-catalogues-automobiles.fr\/laurentbunnik\/RA-1VER4203.jpg\" width=\"97\" height=\"148\" border=\"0\" \/><\/td>\n<td><img decoding=\"async\" loading=\"lazy\" src=\"https:\/\/archives-catalogues-automobiles.fr\/laurentbunnik\/RA-1VER4200.jpg\" width=\"70\" height=\"148\" border=\"0\" \/><\/td>\n<td><img decoding=\"async\" loading=\"lazy\" src=\"https:\/\/archives-catalogues-automobiles.fr\/laurentbunnik\/RA-1VER4202.jpg\" width=\"210\" height=\"132\" border=\"0\" \/><\/td>\n<td><img decoding=\"async\" loading=\"lazy\" src=\"https:\/\/archives-catalogues-automobiles.fr\/laurentbunnik\/RA-1VER4201.jpg\" width=\"148\" height=\"103\" border=\"0\" \/><\/td>\n<\/tr>\n<tr>\n<td><span style=\"font-family: 'Arial Black';\">1VER4203<\/span><\/td>\n<td><span style=\"font-family: 'Arial Black'; font-size: medium;\">1VER4200<\/span><\/td>\n<td><span style=\"font-family: 'Arial Black';\">1VER4202<\/span><\/td>\n<td><span style=\"font-family: 'Arial Black';\">1VER4201<\/span><\/td>\n<\/tr>\n<\/tbody>\n<\/table>\n<p><span style=\"font-family: 'Arial Black'; font-size: small;\">1VER4203-01, VERITAS PANHARD DYNA, 01\/1952, B FRA, 4 pages, format 1\/2 A4<\/span><\/p>\n<p><span style=\"font-family: 'Arial Black'; font-size: small;\">1VER4200-01, VERITAS, 2000, D, 6 pages, format 1\/3 A4<\/span><\/p>\n<p><span style=\"font-family: 'Arial Black'; font-size: small;\">1VER4201-01, VERITAS, 2008, D, 20 pages + CD sous coffret, format 1\/2 A4<\/span><\/p>\n<p><span style=\"font-family: 'Arial Black'; font-size: small;\">1VER4201-01, VERITAS, 07\/2009, D, 4 pages, format 1\/2 A4<\/span><\/p>\n<p>&nbsp;<\/p>\n","protected":false},"excerpt":{"rendered":"<div class=\"mh-excerpt\"><p>Dans la s\u00e9rie des r\u00e9surrections de marques disparues, m\u00eame la rarissime et \u00e9ph\u00e9m\u00e8re Veritas fait son come-back&#8230; tout aussi \u00e9ph\u00e9m\u00e8re <a class=\"mh-excerpt-more\" href=\"https:\/\/archives-catalogues-automobiles.fr\/index.php\/2018\/01\/13\/catalogues-veritas\/\" title=\"CATALOGUES VERITAS\">[&#8230;]<\/a><\/p>\n<\/div>","protected":false},"author":1,"featured_media":0,"comment_status":"closed","ping_status":"closed","sticky":false,"template":"","format":"standard","meta":[],"categories":[94],"tags":[],"acf":[],"_links":{"self":[{"href":"https:\/\/archives-catalogues-automobiles.fr\/index.php\/wp-json\/wp\/v2\/posts\/10883"}],"collection":[{"href":"https:\/\/archives-catalogues-automobiles.fr\/index.php\/wp-json\/wp\/v2\/posts"}],"about":[{"href":"https:\/\/archives-catalogues-automobiles.fr\/index.php\/wp-json\/wp\/v2\/types\/post"}],"author":[{"embeddable":true,"href":"https:\/\/archives-catalogues-automobiles.fr\/index.php\/wp-json\/wp\/v2\/users\/1"}],"replies":[{"embeddable":true,"href":"https:\/\/archives-catalogues-automobiles.fr\/index.php\/wp-json\/wp\/v2\/comments?post=10883"}],"version-history":[{"count":0,"href":"https:\/\/archives-catalogues-automobiles.fr\/index.php\/wp-json\/wp\/v2\/posts\/10883\/revisions"}],"wp:attachment":[{"href":"https:\/\/archives-catalogues-automobiles.fr\/index.php\/wp-json\/wp\/v2\/media?parent=10883"}],"wp:term":[{"taxonomy":"category","embeddable":true,"href":"https:\/\/archives-catalogues-automobiles.fr\/index.php\/wp-json\/wp\/v2\/categories?post=10883"},{"taxonomy":"post_tag","embeddable":true,"href":"https:\/\/archives-catalogues-automobiles.fr\/index.php\/wp-json\/wp\/v2\/tags?post=10883"}],"curies":[{"name":"wp","href":"https:\/\/api.w.org\/{rel}","templated":true}]}}