{"id":10036,"date":"2017-03-24T21:24:09","date_gmt":"2017-03-24T20:24:09","guid":{"rendered":"http:\/\/archives-catalogues-automobiles.fr\/?p=10036"},"modified":"2020-12-05T16:58:29","modified_gmt":"2020-12-05T15:58:29","slug":"catalogues-mathis-2","status":"publish","type":"post","link":"https:\/\/archives-catalogues-automobiles.fr\/index.php\/2017\/03\/24\/catalogues-mathis-2\/","title":{"rendered":"CATALOGUES MATHIS"},"content":{"rendered":"<p><span style=\"font-family: Arial Black; font-size: medium;\">Mathis fut, dans l&rsquo;ombre de Bugatti, la seconde marque automobile alsacienne. Dans les ann\u00e9es 30, son association avec Ford permettra de vendre les mod\u00e8les am\u00e9ricains francis\u00e9s sous la marque Matford. Apr\u00e8s-guerre, Mathis cessera toute activit\u00e9 tandis que Matford deviendra Ford France, absorb\u00e9 par Simca&#8230; \u00e0 Poissy loin de l&rsquo;Alsace.<\/span><\/p>\n<h1><span style=\"font-family: Arial Black; font-size: x-large;\">1. MATHIS GAMME<\/span><\/h1>\n<table cellspacing=\"3\" cellpadding=\"3\" bgcolor=\"#C0C0C0\">\n<tbody>\n<tr>\n<td><img decoding=\"async\" loading=\"lazy\" src=\"https:\/\/archives-catalogues-automobiles.fr\/laurentbunnik\/AA-MT006000.jpg\" width=\"96\" height=\"148\" border=\"0\" \/><\/td>\n<td><img decoding=\"async\" loading=\"lazy\" src=\"https:\/\/archives-catalogues-automobiles.fr\/laurentbunnik\/AA-MT006001.jpg\" width=\"84\" height=\"117\" border=\"0\" \/><\/td>\n<td><img decoding=\"async\" loading=\"lazy\" src=\"https:\/\/archives-catalogues-automobiles.fr\/laurentbunnik\/AA-MT006006.jpg\" width=\"192\" height=\"148\" border=\"0\" \/><\/td>\n<td><img decoding=\"async\" loading=\"lazy\" src=\"https:\/\/archives-catalogues-automobiles.fr\/laurentbunnik\/AA-MT006007.jpg\" width=\"96\" height=\"149\" border=\"0\" \/><\/td>\n<\/tr>\n<tr>\n<td><span style=\"font-family: Arial Black;\">MT006000<\/span><\/td>\n<td><span style=\"font-family: Arial Black;\">MT006001<\/span><\/td>\n<td><span style=\"font-family: Arial Black; font-size: medium;\">MT006006<\/span><\/td>\n<td><span style=\"font-family: Arial Black;\">MT006007<\/span><\/td>\n<\/tr>\n<tr>\n<td><img decoding=\"async\" loading=\"lazy\" src=\"https:\/\/archives-catalogues-automobiles.fr\/laurentbunnik\/AA-MT006004.jpg\" width=\"149\" height=\"108\" border=\"0\" \/><\/td>\n<td><img decoding=\"async\" loading=\"lazy\" src=\"https:\/\/archives-catalogues-automobiles.fr\/laurentbunnik\/AA-MT006005.jpg\" width=\"112\" height=\"147\" border=\"0\" \/><\/td>\n<td><img decoding=\"async\" loading=\"lazy\" src=\"https:\/\/archives-catalogues-automobiles.fr\/laurentbunnik\/AA-MT006002.jpg\" width=\"97\" height=\"147\" border=\"0\" \/><\/td>\n<td><img decoding=\"async\" loading=\"lazy\" src=\"https:\/\/archives-catalogues-automobiles.fr\/laurentbunnik\/AA-MT006003.jpg\" width=\"97\" height=\"147\" border=\"0\" \/><\/td>\n<\/tr>\n<tr>\n<td><span style=\"font-family: Arial Black;\">MT006004<\/span><\/td>\n<td><span style=\"font-family: Arial Black;\">MT006005<\/span><\/td>\n<td><span style=\"font-family: Arial Black;\">MT006002<\/span><\/td>\n<td><span style=\"font-family: Arial Black;\">MT006003<\/span><\/td>\n<\/tr>\n<\/tbody>\n<\/table>\n<p><span style=\"font-family: Arial Black; font-size: small;\">MT006000-01, MATHIS GAMME, 01\/1928, F, ref : IM 1208 5710 50000 27 1 28 ID., 4 pages, format 1\/2 A4<\/span><\/p>\n<p><span style=\"font-family: Arial Black; font-size: small;\">MT006001-01, MATHIS GAMME, 09\/1931, F, ref : IM 1748 9 31 100000 I ST, 4 pages, format 1\/2 A4<\/span><\/p>\n<p><span style=\"font-family: Arial Black; font-size: small;\">MT006005-01, MATHIS GAMME, 12\/1932, F, ref : IM 1860 21193 100000 5 12 32 I ST, 2 pages, format A4<\/span><\/p>\n<p><span style=\"font-family: Arial Black; font-size: small;\">MT006007-01, MATHIS GAMME, 03\/1933, F, ref : IM 1900 21921 250000 13 3 33 I R, 4 pages, format 1\/2 A4<\/span><\/p>\n<p><span style=\"font-family: Arial Black; font-size: small;\">MT006004-01, MATHIS GAMME, 10\/1933, F, ref : IM 1938 100000 1 10 33, 4 pages, format 1\/2 A4<\/span><\/p>\n<p><span style=\"font-family: Arial Black; font-size: small;\">MT006005-01, MATHIS GAMME, 1934, F, 8 pages, format 1\/2 A4<\/span><\/p>\n<p><span style=\"font-family: Arial Black; font-size: small;\">MT006002-01, MATHIS GAMME (Roue libre), 1932, F, ref : IM 1759 50000 I A, 4 pages, format 1\/2 A4<\/span><\/p>\n<p><span style=\"font-family: Arial Black; font-size: small;\">MT006003-01, MATHIS GAMME (Roues ind\u00e9pendantes), 08\/1933, F, ref : IM 1932 50000 25 8 33 I St, 8 pages, format 1\/2 A4<\/span><\/p>\n<hr \/>\n<h1><span style=\"font-family: Arial Black; font-size: x-large;\">2. MATHIS TY \/ PY<\/span><\/h1>\n<table cellspacing=\"3\" cellpadding=\"3\" bgcolor=\"#C0C0C0\">\n<tbody>\n<tr>\n<td><img decoding=\"async\" loading=\"lazy\" src=\"https:\/\/archives-catalogues-automobiles.fr\/laurentbunnik\/AA-MTPY6003.jpg\" width=\"147\" height=\"94\" border=\"0\" \/><\/td>\n<td><img decoding=\"async\" loading=\"lazy\" src=\"https:\/\/archives-catalogues-automobiles.fr\/laurentbunnik\/AA-MTPY6002.jpg\" width=\"160\" height=\"101\" border=\"0\" \/><\/td>\n<td><img decoding=\"async\" loading=\"lazy\" src=\"https:\/\/archives-catalogues-automobiles.fr\/laurentbunnik\/AA-MTPY6001.jpg\" width=\"98\" height=\"149\" border=\"0\" \/><\/td>\n<td><img decoding=\"async\" loading=\"lazy\" src=\"https:\/\/archives-catalogues-automobiles.fr\/laurentbunnik\/AA-MTPY6000.jpg\" width=\"98\" height=\"149\" border=\"0\" \/><\/td>\n<\/tr>\n<tr>\n<td><span style=\"font-family: Arial Black;\">MTPY6003<\/span><\/td>\n<td><span style=\"font-family: Arial Black;\">MTPY6002<\/span><\/td>\n<td><span style=\"font-family: Arial Black;\">MTPY6001<\/span><\/td>\n<td><span style=\"font-family: Arial Black;\">MTPY6000<\/span><\/td>\n<\/tr>\n<\/tbody>\n<\/table>\n<p><span style=\"font-family: Arial Black; font-size: small;\">MTPY6003-01, MATHIS TY 5 CV \/ PY 6CV AFFAIRES, 1932, F, 2 pages, format 1\/2 A4<\/span><\/p>\n<p><span style=\"font-family: Arial Black; font-size: small;\">MTPY6002-01, MATHIS TY 5 CV \/ PY 6CV, 09\/1932, F, ref : I M 1851 50000 12 9 32 I.D., 8 pages, format 1\/2 A4<\/span><\/p>\n<p><span style=\"font-family: Arial Black; font-size: small;\">MTPY6001-01, MATHIS PY 6CV, 09\/1930, F, ref : I M 1558 50000 24 9 30 I.St., 4 pages, format 1\/2 A4<\/span><\/p>\n<p><span style=\"font-family: Arial Black; font-size: small;\">MTPY6000-01, MATHIS PY 6CV, 02\/1932, F, ref : 8534 50000 15.2.32 I.R., 4 pages, format 1\/2 A4<\/span><\/p>\n<hr \/>\n<h1><span style=\"font-family: Arial Black; font-size: x-large;\">2. MATHIS MY \/ GM \/ QM<\/span><\/h1>\n<table cellspacing=\"3\" cellpadding=\"3\" bgcolor=\"#C0C0C0\">\n<tbody>\n<tr>\n<td><img decoding=\"async\" loading=\"lazy\" src=\"https:\/\/archives-catalogues-automobiles.fr\/laurentbunnik\/AA-MTMY6000.jpg\" width=\"97\" height=\"148\" border=\"0\" \/><\/td>\n<td><img decoding=\"async\" loading=\"lazy\" src=\"https:\/\/archives-catalogues-automobiles.fr\/laurentbunnik\/AA-MTMY6001.jpg\" width=\"155\" height=\"100\" border=\"0\" \/><\/td>\n<td><img decoding=\"async\" loading=\"lazy\" src=\"https:\/\/archives-catalogues-automobiles.fr\/laurentbunnik\/AA-MTMY6002.jpg\" width=\"99\" height=\"152\" border=\"0\" \/><\/td>\n<td><img decoding=\"async\" loading=\"lazy\" src=\"https:\/\/archives-catalogues-automobiles.fr\/laurentbunnik\/AA-MTMY6003.jpg\" width=\"97\" height=\"149\" border=\"0\" \/><\/td>\n<\/tr>\n<tr>\n<td><span style=\"font-family: Arial Black;\">MTMY6000<\/span><\/td>\n<td><span style=\"font-family: Arial Black;\">MTMY6001<\/span><\/td>\n<td><span style=\"font-family: Arial Black; font-size: medium;\">MTMY6002<\/span><\/td>\n<td><span style=\"font-family: Arial Black;\">MTMY6003<\/span><\/td>\n<\/tr>\n<tr>\n<td><img decoding=\"async\" loading=\"lazy\" src=\"https:\/\/archives-catalogues-automobiles.fr\/laurentbunnik\/AA-MTEM6000.jpg\" width=\"159\" height=\"104\" border=\"0\" \/><\/td>\n<td><img decoding=\"async\" loading=\"lazy\" src=\"https:\/\/archives-catalogues-automobiles.fr\/laurentbunnik\/AA-MTEM6003.jpg\" width=\"97\" height=\"147\" border=\"0\" \/><\/td>\n<td><img decoding=\"async\" loading=\"lazy\" src=\"https:\/\/archives-catalogues-automobiles.fr\/laurentbunnik\/AA-MTEM6001.jpg\" width=\"149\" height=\"94\" border=\"0\" \/><\/td>\n<td><img decoding=\"async\" loading=\"lazy\" src=\"https:\/\/archives-catalogues-automobiles.fr\/laurentbunnik\/AA-MTEM6004.jpg\" width=\"156\" height=\"100\" border=\"0\" \/><\/td>\n<\/tr>\n<tr>\n<td><span style=\"font-family: Arial Black;\">MTEM6000<\/span><\/td>\n<td><span style=\"font-family: Arial Black;\">MTEM6003<\/span><\/td>\n<td><span style=\"font-family: Arial Black;\">MTEM6001<\/span><\/td>\n<td><span style=\"font-family: Arial Black;\">MTEM6004<\/span><\/td>\n<\/tr>\n<tr>\n<td><img decoding=\"async\" loading=\"lazy\" src=\"https:\/\/archives-catalogues-automobiles.fr\/laurentbunnik\/AA-MTEM6002.jpg\" width=\"149\" height=\"191\" border=\"0\" \/><\/td>\n<td><img decoding=\"async\" loading=\"lazy\" src=\"https:\/\/archives-catalogues-automobiles.fr\/laurentbunnik\/AA-MT106000.jpg\" width=\"157\" height=\"97\" border=\"0\" \/><\/td>\n<td><img decoding=\"async\" loading=\"lazy\" src=\"https:\/\/archives-catalogues-automobiles.fr\/laurentbunnik\/AA-MTQM6000.jpg\" width=\"98\" height=\"152\" border=\"0\" \/><\/td>\n<td><\/td>\n<\/tr>\n<tr>\n<td><span style=\"font-family: Arial Black;\">MTEM6002<\/span><\/td>\n<td><span style=\"font-family: Arial Black;\">MT106000<\/span><\/td>\n<td><span style=\"font-family: Arial Black;\">MTQM6000<\/span><\/td>\n<td><\/td>\n<\/tr>\n<\/tbody>\n<\/table>\n<p><span style=\"font-family: Arial Black; font-size: small;\">MTMY6000-01, MATHIS MY 8CV, 01\/1928, F, ref : IM 1168 5708 25000 27.1.28 I.D.,4 pages, format 1\/2 A4<\/span><\/p>\n<p><span style=\"font-family: Arial Black; font-size: small;\">MTMY6001-01, MATHIS MY 7CV \/ QM 9CV, 09\/1929, F, ref : IM 1391 828 25000 2 9 29 I.Br., 8 pages, format 1\/2 A4<\/span><\/p>\n<p><span style=\"font-family: Arial Black; font-size: small;\">MTMY6002-01, MATHIS MY 8CV, 01\/1930, F, ref : IM 1394 4657 50000 18 1 30 I.St., 4 pages, format 1\/2 A4<\/span><\/p>\n<p><span style=\"font-family: Arial Black; font-size: small;\">MTMY6003-01, MATHIS MYP 8CV \/ QMY 10CV, 10\/1931, F, ref : IM 1744 5114 50000 14 10 31 I.St., 4 pages, format 1\/2 A4<\/span><\/p>\n<p><span style=\"font-family: Arial Black; font-size: small;\">MTEM6000-01, MATHIS EMYQUATRE 8CV, 09\/1932, F, ref : IM 1849 50000 12 9 32 I.D., 8 pages, format 1\/2 A4<\/span><\/p>\n<p><span style=\"font-family: Arial Black; font-size: small;\">MTEM6003-01, MATHIS EMYQUATRE 8CV, 10\/1932, F, ref : IM 1870 20000 3 10 32 I.ST., 12 pages, format 1\/2 A4<\/span><\/p>\n<p><span style=\"font-family: Arial Black; font-size: small;\">MTEM6001-01, MATHIS EMYQUATRE DEAUVILLE, 07\/1933, F, ref : IM 1932 24702 5000 10 33 I.ST., 2 pages, format 1\/2 A4<\/span><\/p>\n<p><span style=\"font-family: Arial Black; font-size: small;\">MTEM6004-01, MATHIS EMYQUATRE DYNAMIC, 10\/1932, F, ref : IM 1866 50000 1 10 32, 2 pages, format 1\/2 A4<\/span><\/p>\n<p><span style=\"font-family: Arial Black; font-size: small;\">MTEM6002-01, MATHIS EMYQUATRE QUADRUFLEX, 10\/1933, F, ref : I M N\u00b0 1939 25000 1 10 33 I.ST., 2 pages, format A4<\/span><\/p>\n<p><span style=\"font-family: Arial Black; font-size: small;\">MT106000-01, MATHIS GM 10CV, 09\/1926, F, ref : JM N\u00b0 1110 31082 25000 22.IX.26, 2 pages, format 1\/2 A4<\/span><\/p>\n<p><span style=\"font-family: Arial Black; font-size: small;\">MTQM6000-01, MATHIS QM 10CV, 11\/1929, F, ref : IM N\u00b0 1400 2167 25000 25 11 29 I.G., 4 pages, format 1\/2 A4<\/span><\/p>\n<hr \/>\n<h2><span style=\"font-family: Arial Black;\">4. MATHIS EMYSIX \/ EMYHUIT<\/span><\/h2>\n<table cellspacing=\"3\" cellpadding=\"3\" bgcolor=\"#C0C0C0\">\n<tbody>\n<tr>\n<td><img decoding=\"async\" loading=\"lazy\" src=\"https:\/\/archives-catalogues-automobiles.fr\/laurentbunnik\/AA-MTES6003.jpg\" width=\"114\" height=\"210\" border=\"0\" \/><\/td>\n<td><img decoding=\"async\" loading=\"lazy\" src=\"https:\/\/archives-catalogues-automobiles.fr\/laurentbunnik\/AA-MTES6000.jpg\" width=\"156\" height=\"102\" border=\"0\" \/><\/td>\n<td><img decoding=\"async\" loading=\"lazy\" src=\"https:\/\/archives-catalogues-automobiles.fr\/laurentbunnik\/AA-MTES6001.jpg\" width=\"98\" height=\"149\" border=\"0\" \/><\/td>\n<td><img decoding=\"async\" loading=\"lazy\" src=\"https:\/\/archives-catalogues-automobiles.fr\/laurentbunnik\/AA-MTES6002.jpg\" width=\"97\" height=\"150\" border=\"0\" \/><\/td>\n<\/tr>\n<tr>\n<td><span style=\"font-family: Arial Black;\">MTES6003<\/span><\/td>\n<td><span style=\"font-family: Arial Black;\">MTES6000<\/span><\/td>\n<td><span style=\"font-family: Arial Black;\">MTES6001<\/span><\/td>\n<td><span style=\"font-family: Arial Black; font-size: medium;\">MTES6002<\/span><\/td>\n<\/tr>\n<tr>\n<td><img decoding=\"async\" loading=\"lazy\" src=\"https:\/\/archives-catalogues-automobiles.fr\/laurentbunnik\/AA-MTES6004.jpg\" width=\"160\" height=\"102\" border=\"0\" \/><\/td>\n<td><\/td>\n<td><\/td>\n<td><\/td>\n<\/tr>\n<tr>\n<td><span style=\"font-family: Arial Black;\">MTES6004<\/span><\/td>\n<td><\/td>\n<td><\/td>\n<td><\/td>\n<\/tr>\n<\/tbody>\n<\/table>\n<p><span style=\"font-family: Arial Black; font-size: small;\">MTES6003-01, MATHIS EMYSIX 14CV, 1929, F, 4 pages, format 1\/2 A4<\/span><\/p>\n<p><span style=\"font-family: Arial Black; font-size: small;\">MTES6000-01, MATHIS EMYSIX 11CV \/ 14CV \/ 17CV, 09\/1929, F, ref : IM 1392 828 25000 2 9 29 I.Br., 8 pages, format 1\/2 A4<\/span><\/p>\n<p><span style=\"font-family: Arial Black; font-size: small;\">MTES6001-01, MATHIS EMYSIX 14CV, 11\/1929, F, ref : IM 1393 2166 25000 25 11 29 I.D., 4 pages, format 1\/2 A4<\/span><\/p>\n<p><span style=\"font-family: Arial Black; font-size: small;\">MTES6002-01, MATHIS EMYSIX 11CV \/ 14CV \/ 17CV, 02\/1932, F, ref : IM 1745 8533 20000 15 2 32 I.D., 4 pages, format 1\/2 A4<\/span><\/p>\n<p><span style=\"font-family: Arial Black; font-size: small;\">MTES6004-01, MATHIS EMYSIX 11CV \/ 14CV \/ EMYHUIT 17CV, 09\/1932, F, ref : IM 1850 50000 12 9 32 I.D., 8 pages, format 1\/2 A4<\/span><\/p>\n<hr \/>\n<h2><span style=\"font-family: Arial Black;\">5. MATHIS VL 333<\/span><\/h2>\n<table cellspacing=\"3\" cellpadding=\"3\" bgcolor=\"#C0C0C0\">\n<tbody>\n<tr>\n<td><img decoding=\"async\" loading=\"lazy\" src=\"https:\/\/archives-catalogues-automobiles.fr\/laurentbunnik\/AA-MT336000.jpg\" width=\"72\" height=\"162\" border=\"0\" \/><\/td>\n<td><img decoding=\"async\" loading=\"lazy\" src=\"https:\/\/archives-catalogues-automobiles.fr\/laurentbunnik\/AA-MT336001.jpg\" width=\"73\" height=\"169\" border=\"0\" \/><\/td>\n<\/tr>\n<tr>\n<td><span style=\"font-family: Arial Black;\">MT336000<\/span><\/td>\n<td><span style=\"font-family: Arial Black;\">MT336001<\/span><\/td>\n<\/tr>\n<\/tbody>\n<\/table>\n<p><span style=\"font-family: Arial Black; font-size: small;\">MT336000-01, MATHIS VL 333, 1946, F, 6 pages, format 1\/3 A4<\/span><\/p>\n<p><span style=\"font-family: Arial Black; font-size: small;\">MT336001-01, MATHIS VL 333, 10\/1946, F, ref : PL 2090 100000 10.46, 2 pages, format 1\/3 A4<\/span><\/p>\n<p>&nbsp;<\/p>\n","protected":false},"excerpt":{"rendered":"<div class=\"mh-excerpt\"><p>Mathis fut, dans l&rsquo;ombre de Bugatti, la seconde marque automobile alsacienne. Dans les ann\u00e9es 30, son association avec Ford permettra <a class=\"mh-excerpt-more\" href=\"https:\/\/archives-catalogues-automobiles.fr\/index.php\/2017\/03\/24\/catalogues-mathis-2\/\" title=\"CATALOGUES MATHIS\">[&#8230;]<\/a><\/p>\n<\/div>","protected":false},"author":1,"featured_media":10037,"comment_status":"closed","ping_status":"closed","sticky":false,"template":"","format":"standard","meta":[],"categories":[827],"tags":[],"acf":[],"_links":{"self":[{"href":"https:\/\/archives-catalogues-automobiles.fr\/index.php\/wp-json\/wp\/v2\/posts\/10036"}],"collection":[{"href":"https:\/\/archives-catalogues-automobiles.fr\/index.php\/wp-json\/wp\/v2\/posts"}],"about":[{"href":"https:\/\/archives-catalogues-automobiles.fr\/index.php\/wp-json\/wp\/v2\/types\/post"}],"author":[{"embeddable":true,"href":"https:\/\/archives-catalogues-automobiles.fr\/index.php\/wp-json\/wp\/v2\/users\/1"}],"replies":[{"embeddable":true,"href":"https:\/\/archives-catalogues-automobiles.fr\/index.php\/wp-json\/wp\/v2\/comments?post=10036"}],"version-history":[{"count":0,"href":"https:\/\/archives-catalogues-automobiles.fr\/index.php\/wp-json\/wp\/v2\/posts\/10036\/revisions"}],"wp:featuredmedia":[{"embeddable":true,"href":"https:\/\/archives-catalogues-automobiles.fr\/index.php\/wp-json\/wp\/v2\/media\/10037"}],"wp:attachment":[{"href":"https:\/\/archives-catalogues-automobiles.fr\/index.php\/wp-json\/wp\/v2\/media?parent=10036"}],"wp:term":[{"taxonomy":"category","embeddable":true,"href":"https:\/\/archives-catalogues-automobiles.fr\/index.php\/wp-json\/wp\/v2\/categories?post=10036"},{"taxonomy":"post_tag","embeddable":true,"href":"https:\/\/archives-catalogues-automobiles.fr\/index.php\/wp-json\/wp\/v2\/tags?post=10036"}],"curies":[{"name":"wp","href":"https:\/\/api.w.org\/{rel}","templated":true}]}}