{"id":10009,"date":"2017-03-10T20:31:29","date_gmt":"2017-03-10T19:31:29","guid":{"rendered":"http:\/\/archives-catalogues-automobiles.fr\/?p=10009"},"modified":"2017-03-10T20:31:29","modified_gmt":"2017-03-10T19:31:29","slug":"salon-geneve-2017","status":"publish","type":"post","link":"https:\/\/archives-catalogues-automobiles.fr\/index.php\/2017\/03\/10\/salon-geneve-2017\/","title":{"rendered":"SALON GENEVE 2017"},"content":{"rendered":"<p dir=\"ltr\"><span style=\"font-family: 'Arial Black';\">Apr\u00e8s quelques ann\u00e9es de vaches maigres, le Salon de Gen\u00e8ve reprend quelques couleurs. Tous les constructeurs majeurs ont fait le d\u00e9placement (\u00e0 l&rsquo;exception de Mini) et surtout, de nombreux artisans ont pr\u00e9sent\u00e9 des nouveaut\u00e9s, ce qui fait le principal int\u00e9r\u00eat de cette manifestation.\u00a0\u00a0 <\/span><span style=\"font-family: 'Arial Black'; font-size: small;\">Laurent Bunnik<\/span><\/p>\n<h2><span style=\"font-family: 'Arial Black';\">MCLAREN 720S<\/span><\/h2>\n<table cellspacing=\"3\" cellpadding=\"3\" bgcolor=\"#C0C0C0\">\n<tbody>\n<tr>\n<td><img decoding=\"async\" loading=\"lazy\" src=\"https:\/\/archives-catalogues-automobiles.fr\/laurentbunnik\/RA-6MCL4018.jpg\" width=\"149\" height=\"104\" border=\"0\" \/><\/td>\n<\/tr>\n<tr>\n<td><span style=\"font-family: 'Arial Black';\">6MCL4018<\/span><\/td>\n<\/tr>\n<\/tbody>\n<\/table>\n<p><span style=\"font-family: 'Arial Black'; font-size: small;\">McLaren reprend l&rsquo;escalade de la puissance avec la 720 S (720 ch comme son nom l&rsquo;indique), au-del\u00e0 des 650 dont elle d\u00e9rive.<\/span><\/p>\n<p><a href=\"http:\/\/laurent.bunnik.archives-catalogues-automobiles.fr\/6mcl0001.html\"><span style=\"font-family: 'Arial Black'; font-size: small;\">PAGE MCLAREN<\/span><\/a><\/p>\n<hr \/>\n<h2><span style=\"font-family: 'Arial Black';\">FERRARI 812 SUPERFAST<\/span><\/h2>\n<table cellspacing=\"3\" cellpadding=\"3\" bgcolor=\"#C0C0C0\">\n<tbody>\n<tr>\n<td><img decoding=\"async\" loading=\"lazy\" src=\"https:\/\/archives-catalogues-automobiles.fr\/laurentbunnik\/GA-FE124100.jpg\" width=\"90\" height=\"130\" border=\"0\" \/><\/td>\n<\/tr>\n<tr>\n<td><span style=\"font-family: 'Arial Black';\">FE124100<\/span><\/td>\n<\/tr>\n<\/tbody>\n<\/table>\n<p><span style=\"font-family: 'Arial Black'; font-size: small;\">Ferrari continue d&rsquo;exhumer les noms illustres. Cette fois, Superfast revient pour qualifier une \u00e9volution de la F12 dot\u00e9e de 800 ch (et toujours de 12 cylindres).<\/span><\/p>\n<p><a href=\"http:\/\/laurent.bunnik.archives-catalogues-automobiles.fr\/fer59901.html\"><span style=\"font-family: 'Arial Black'; font-size: small;\">PAGE FERRARI F12 \/ 812 SUPERFAST<\/span><\/a><\/p>\n<hr \/>\n<h2><span style=\"font-family: 'Arial Black';\">LAMBORGHINI HURACAN PERFORMANTE<\/span><\/h2>\n<table cellspacing=\"3\" cellpadding=\"3\" bgcolor=\"#C0C0C0\">\n<tbody>\n<tr>\n<td><img decoding=\"async\" loading=\"lazy\" src=\"https:\/\/archives-catalogues-automobiles.fr\/laurentbunnik\/GA-LMHU4004.jpg\" width=\"152\" height=\"75\" border=\"0\" \/><\/td>\n<\/tr>\n<tr>\n<td><span style=\"font-family: 'Arial Black';\">LMHU4004<\/span><\/td>\n<\/tr>\n<\/tbody>\n<\/table>\n<p><span style=\"font-family: 'Arial Black'; font-size: small;\">Lamborghini pr\u00e9sente une version pointue de la Huracan, la Performante, dot\u00e9e de 640 ch (C&rsquo;est beaucoup) et ayant fait le tour du N\u00fcrburgring en 6 minutes 52 (C&rsquo;est peu).<\/span><\/p>\n<p><a href=\"http:\/\/laurent.bunnik.archives-catalogues-automobiles.fr\/lamurr01.html\"><span style=\"font-family: 'Arial Black'; font-size: small;\">PAGE LAMBORGHINI HURACAN<\/span><\/a><\/p>\n<hr \/>\n<h2><span style=\"font-family: 'Arial Black';\">SBARRO ARCAD \/ MOJAVE<\/span><\/h2>\n<table cellspacing=\"3\" cellpadding=\"3\" bgcolor=\"#C0C0C0\">\n<tbody>\n<tr>\n<td><img decoding=\"async\" loading=\"lazy\" src=\"https:\/\/archives-catalogues-automobiles.fr\/laurentbunnik\/JA-SRZZ4030.jpg\" width=\"107\" height=\"73\" border=\"0\" \/><\/td>\n<td><img decoding=\"async\" loading=\"lazy\" src=\"https:\/\/archives-catalogues-automobiles.fr\/laurentbunnik\/JA-SRZZ4031.jpg\" width=\"108\" height=\"74\" border=\"0\" \/><\/td>\n<\/tr>\n<tr>\n<td><span style=\"font-family: 'Arial Black';\">SRZZ4030<\/span><\/td>\n<td><span style=\"font-family: 'Arial Black';\">SRZZ4031<\/span><\/td>\n<\/tr>\n<\/tbody>\n<\/table>\n<p><span style=\"font-family: 'Arial Black'; font-size: small;\">Tradition d\u00e9sormais bien \u00e9tablie, la pr\u00e9sentation des travaux des \u00e9l\u00e8ves de l&rsquo;\u00e9cole Espera garnit le stand Sbarro. Cette ann\u00e9e, retour du mode \u00ab\u00a0bourrin\u00a0\u00bb : l&rsquo;Arcade, dont le nom souligne le c\u00f4t\u00e9 ludique, est un buggy motoris\u00e9 par Cadillac, tandis que le Mojave \u00e9voque les hot-rod des ann\u00e9es 30 \u00e0 50. Sa m\u00e9canique est, chose curieuse, un 4 litres Jaguar, mais c&rsquo;est quand m\u00eame un V8&#8230;<\/span><\/p>\n<p><a href=\"http:\/\/laurent.bunnik.archives-catalogues-automobiles.fr\/sbagam01.html\"><span style=\"font-family: 'Arial Black'; font-size: small;\">PAGE SBARRO<\/span><\/a><\/p>\n<hr \/>\n<h2><span style=\"font-family: 'Arial Black';\">ARTEGA SCALO<\/span><\/h2>\n<table cellspacing=\"3\" cellpadding=\"3\" bgcolor=\"#C0C0C0\">\n<tbody>\n<tr>\n<td><img decoding=\"async\" loading=\"lazy\" src=\"https:\/\/archives-catalogues-automobiles.fr\/laurentbunnik\/RA-1ART4006.jpg\" width=\"106\" height=\"73\" border=\"0\" \/><\/td>\n<\/tr>\n<tr>\n<td><span style=\"font-family: 'Arial Black';\">1ART4006<\/span><\/td>\n<\/tr>\n<\/tbody>\n<\/table>\n<p><span style=\"font-family: 'Arial Black'; font-size: small;\">Artega, apr\u00e8s quelques difficult\u00e9s, avait pr\u00e9sent\u00e9 il y a 2 ans la Scalo, version \u00e9lectrifi\u00e9e de sa GT. En 2017, la Scalo est redessin\u00e9e par Touring dans un style assez peu inspir\u00e9.<\/span><\/p>\n<p><a href=\"http:\/\/laurent.bunnik.archives-catalogues-automobiles.fr\/1art0001.html\"><span style=\"font-family: 'Arial Black'; font-size: small;\">PAGE ARTEGA<\/span><\/a><\/p>\n<hr \/>\n<h2><span style=\"font-family: 'Arial Black';\">ZENVO TS1 GT \/ 10TH ANNIVERSARY<\/span><\/h2>\n<table cellspacing=\"3\" cellpadding=\"3\" bgcolor=\"#C0C0C0\">\n<tbody>\n<tr>\n<td><img decoding=\"async\" loading=\"lazy\" src=\"https:\/\/archives-catalogues-automobiles.fr\/laurentbunnik\/RA-9ZEN4002.jpg\" width=\"211\" height=\"153\" border=\"0\" \/><\/td>\n<td><img decoding=\"async\" loading=\"lazy\" src=\"https:\/\/archives-catalogues-automobiles.fr\/laurentbunnik\/RA-9ZEN4003.jpg\" width=\"144\" height=\"106\" border=\"0\" \/><\/td>\n<td><img decoding=\"async\" loading=\"lazy\" src=\"https:\/\/archives-catalogues-automobiles.fr\/laurentbunnik\/RA-9ZEN4004.jpg\" width=\"211\" height=\"153\" border=\"0\" \/><\/td>\n<td><img decoding=\"async\" loading=\"lazy\" src=\"https:\/\/archives-catalogues-automobiles.fr\/laurentbunnik\/RA-9ZEN4005.jpg\" width=\"149\" height=\"104\" border=\"0\" \/><\/td>\n<\/tr>\n<tr>\n<td><span style=\"font-family: 'Arial Black';\">9ZEN4002<\/span><\/td>\n<td><span style=\"font-family: 'Arial Black';\">9ZEN4003<\/span><\/td>\n<td><span style=\"font-family: 'Arial Black';\">9ZEN4004<\/span><\/td>\n<td><span style=\"font-family: 'Arial Black';\">9ZEN4005<\/span><\/td>\n<\/tr>\n<\/tbody>\n<\/table>\n<p><span style=\"font-family: 'Arial Black'; font-size: small;\">Zenvo f\u00eate d\u00e9j\u00e0 ses 10 ans d&rsquo;existence avec la TS1 GT, disponible aussi dans une livr\u00e9e \u00ab\u00a010\u00e8me anniversaire\u00a0\u00bb.<\/span><\/p>\n<p><a href=\"http:\/\/laurent.bunnik.archives-catalogues-automobiles.fr\/9zen0001.html\"><span style=\"font-family: 'Arial Black'; font-size: small;\">PAGE ZENVO<\/span><\/a><\/p>\n<hr \/>\n<h2><span style=\"font-family: 'Arial Black';\">RADICAL SR1 CUP \/ RXC<\/span><\/h2>\n<table cellspacing=\"3\" cellpadding=\"3\" bgcolor=\"#C0C0C0\">\n<tbody>\n<tr>\n<td><img decoding=\"async\" loading=\"lazy\" src=\"https:\/\/archives-catalogues-automobiles.fr\/laurentbunnik\/RA-6RAD4006.jpg\" width=\"150\" height=\"211\" border=\"0\" \/><\/td>\n<td><img decoding=\"async\" loading=\"lazy\" src=\"https:\/\/archives-catalogues-automobiles.fr\/laurentbunnik\/RA-6RAD4007.jpg\" width=\"102\" height=\"148\" border=\"0\" \/><\/td>\n<td><img decoding=\"async\" loading=\"lazy\" src=\"https:\/\/archives-catalogues-automobiles.fr\/laurentbunnik\/RA-6RAD4008.jpg\" width=\"151\" height=\"211\" border=\"0\" \/><\/td>\n<\/tr>\n<tr>\n<td><span style=\"font-family: 'Arial Black';\">6RAD4006<\/span><\/td>\n<td><span style=\"font-family: 'Arial Black';\">6RAD4007<\/span><\/td>\n<td><span style=\"font-family: 'Arial Black';\">6RAD4008<\/span><\/td>\n<\/tr>\n<\/tbody>\n<\/table>\n<p><span style=\"font-family: 'Arial Black'; font-size: small;\">Radical d\u00e9ploie sa gamme de voitures mixtes comp\u00e9tition \/ route, avec la l\u00e9g\u00e8re SR1 destin\u00e9e \u00e0 une formule monotype, et les plus s\u00e9rieuses RXC dont certaines d\u00e9passent les 600 ch.<\/span><\/p>\n<p><a href=\"http:\/\/laurent.bunnik.archives-catalogues-automobiles.fr\/6rad0001.html\"><span style=\"font-family: 'Arial Black'; font-size: small;\">PAGE RADICAL<\/span><\/a><\/p>\n<hr \/>\n<h2><span style=\"font-family: 'Arial Black';\">SIN R1 550 \/ GT4 \/ RS<\/span><\/h2>\n<table cellspacing=\"3\" cellpadding=\"3\" bgcolor=\"#C0C0C0\">\n<tbody>\n<tr>\n<td><img decoding=\"async\" loading=\"lazy\" src=\"https:\/\/archives-catalogues-automobiles.fr\/laurentbunnik\/RA-6SIN4003.jpg\" width=\"150\" height=\"211\" border=\"0\" \/><\/td>\n<td><img decoding=\"async\" loading=\"lazy\" src=\"https:\/\/archives-catalogues-automobiles.fr\/laurentbunnik\/RA-6SIN4004.jpg\" width=\"210\" height=\"150\" border=\"0\" \/><\/td>\n<td><img decoding=\"async\" loading=\"lazy\" src=\"https:\/\/archives-catalogues-automobiles.fr\/laurentbunnik\/RA-6SIN4005.jpg\" width=\"210\" height=\"152\" border=\"0\" \/><\/td>\n<td><img decoding=\"async\" loading=\"lazy\" src=\"https:\/\/archives-catalogues-automobiles.fr\/laurentbunnik\/RA-6SIN4006.jpg\" width=\"211\" height=\"150\" border=\"0\" \/><\/td>\n<\/tr>\n<tr>\n<td><span style=\"font-family: 'Arial Black';\">6SIN4003<\/span><\/td>\n<td><span style=\"font-family: 'Arial Black';\">6SIN4004<\/span><\/td>\n<td><span style=\"font-family: 'Arial Black';\">6SIN4005<\/span><\/td>\n<td><span style=\"font-family: 'Arial Black';\">6SIN4006<\/span><\/td>\n<\/tr>\n<\/tbody>\n<\/table>\n<p><span style=\"font-family: 'Arial Black'; font-size: small;\">SIN atteint une nouvelle \u00e9tape de son d\u00e9veloppement, apr\u00e8s avoir re\u00e7u son homologation \u00ab\u00a0petit constructeur europ\u00e9en\u00a0\u00bb en 2016, la R1 porte sa puissance \u00e0 550 ch.<\/span><\/p>\n<p><a href=\"http:\/\/laurent.bunnik.archives-catalogues-automobiles.fr\/6sin0001.html\"><span style=\"font-family: 'Arial Black'; font-size: small;\">PAGE SIN<\/span><\/a><\/p>\n<hr \/>\n<h2><span style=\"font-family: 'Arial Black';\">SCUDERIA CAMERON GLICKENHAUS 003S<\/span><\/h2>\n<table cellspacing=\"3\" cellpadding=\"3\" bgcolor=\"#C0C0C0\">\n<tbody>\n<tr>\n<td><img decoding=\"async\" loading=\"lazy\" src=\"https:\/\/archives-catalogues-automobiles.fr\/laurentbunnik\/RA-7SCG4000.jpg\" width=\"150\" height=\"148\" border=\"0\" \/><\/td>\n<\/tr>\n<tr>\n<td><span style=\"font-family: 'Arial Black';\">7SCG4000<\/span><\/td>\n<\/tr>\n<\/tbody>\n<\/table>\n<p><span style=\"font-family: 'Arial Black'; font-size: small;\">SCG a d&rsquo;abord d\u00e9velopp\u00e9 cette voiture pour les comp\u00e9titions d&rsquo;endurance, avant de pr\u00e9senter une impressionnante version civile (+ de 800 ch, + de 350 km\/h !)<\/span><\/p>\n<p><a href=\"http:\/\/laurent.bunnik.archives-catalogues-automobiles.fr\/7scg0001.html\"><span style=\"font-family: 'Arial Black'; font-size: small;\">PAGE S.C.G.<\/span><\/a><\/p>\n<hr \/>\n<h2><span style=\"font-family: 'Arial Black'; font-size: x-large;\">RINSPEED OASIS<\/span><\/h2>\n<table border=\"3\" cellspacing=\"3\" cellpadding=\"3\" bgcolor=\"#C0C0C0\">\n<tbody>\n<tr>\n<td><img decoding=\"async\" loading=\"lazy\" src=\"https:\/\/archives-catalogues-automobiles.fr\/laurentbunnik\/RA-9RIN4020.jpg\" width=\"150\" height=\"210\" border=\"0\" \/><\/td>\n<\/tr>\n<tr>\n<td><span style=\"font-family: 'Arial Black'; font-size: medium;\">9RIN4020<\/span><\/td>\n<\/tr>\n<\/tbody>\n<\/table>\n<p><span style=\"font-family: 'Arial Black'; font-size: small;\">Rinspeed pr\u00e9sente chaque ann\u00e9e un \u00ab\u00a0d\u00e9monstrateur\u00a0\u00bb de nouvelles technologies. Cette ann\u00e9e au menu : un petit jardin log\u00e9 sous le pare-brise, une appli permettant de choisir son passager, un volant qui se transforme en plateau de travail quand la voiture est en mode autonome&#8230;<\/span><\/p>\n<p><a href=\"http:\/\/laurent.bunnik.archives-catalogues-automobiles.fr\/9rin0001.html\"><span style=\"font-family: 'Arial Black'; font-size: small;\">PAGE RINSPEED<\/span><\/a><\/p>\n<p>&nbsp;<\/p>\n","protected":false},"excerpt":{"rendered":"<div class=\"mh-excerpt\"><p>Apr\u00e8s quelques ann\u00e9es de vaches maigres, le Salon de Gen\u00e8ve reprend quelques couleurs. Tous les constructeurs majeurs ont fait le <a class=\"mh-excerpt-more\" href=\"https:\/\/archives-catalogues-automobiles.fr\/index.php\/2017\/03\/10\/salon-geneve-2017\/\" title=\"SALON GENEVE 2017\">[&#8230;]<\/a><\/p>\n<\/div>","protected":false},"author":1,"featured_media":10001,"comment_status":"closed","ping_status":"closed","sticky":false,"template":"","format":"standard","meta":[],"categories":[14],"tags":[],"acf":[],"_links":{"self":[{"href":"https:\/\/archives-catalogues-automobiles.fr\/index.php\/wp-json\/wp\/v2\/posts\/10009"}],"collection":[{"href":"https:\/\/archives-catalogues-automobiles.fr\/index.php\/wp-json\/wp\/v2\/posts"}],"about":[{"href":"https:\/\/archives-catalogues-automobiles.fr\/index.php\/wp-json\/wp\/v2\/types\/post"}],"author":[{"embeddable":true,"href":"https:\/\/archives-catalogues-automobiles.fr\/index.php\/wp-json\/wp\/v2\/users\/1"}],"replies":[{"embeddable":true,"href":"https:\/\/archives-catalogues-automobiles.fr\/index.php\/wp-json\/wp\/v2\/comments?post=10009"}],"version-history":[{"count":0,"href":"https:\/\/archives-catalogues-automobiles.fr\/index.php\/wp-json\/wp\/v2\/posts\/10009\/revisions"}],"wp:featuredmedia":[{"embeddable":true,"href":"https:\/\/archives-catalogues-automobiles.fr\/index.php\/wp-json\/wp\/v2\/media\/10001"}],"wp:attachment":[{"href":"https:\/\/archives-catalogues-automobiles.fr\/index.php\/wp-json\/wp\/v2\/media?parent=10009"}],"wp:term":[{"taxonomy":"category","embeddable":true,"href":"https:\/\/archives-catalogues-automobiles.fr\/index.php\/wp-json\/wp\/v2\/categories?post=10009"},{"taxonomy":"post_tag","embeddable":true,"href":"https:\/\/archives-catalogues-automobiles.fr\/index.php\/wp-json\/wp\/v2\/tags?post=10009"}],"curies":[{"name":"wp","href":"https:\/\/api.w.org\/{rel}","templated":true}]}}